{"id":530,"date":"2023-06-23T12:30:42","date_gmt":"2023-06-23T17:30:42","guid":{"rendered":"https:\/\/puntodevista.org\/?p=530"},"modified":"2023-07-11T13:25:50","modified_gmt":"2023-07-11T18:25:50","slug":"reflexionar-para-decidir","status":"publish","type":"post","link":"https:\/\/puntodevista.org\/es\/reflexionar-para-decidir\/","title":{"rendered":"REFLEXIONAR PARA DECIDIR"},"content":{"rendered":"<p>Carlos Ordonez, Miami 07\/11\/2023<\/p>\n\n\n\n<p>Al parecer, si mi percepci\u00f3n- que se identifica con la de muchos- acierta, se ha abierto una \u00e9poca de cambio para Colombia en un escenario mundial en el que tiende a abrirse una nueva \u00e9poca de cambio.<\/p>\n\n\n\n<p>Se trata de un cambio significativo en la conciencia y las costumbres relacionales entre los seres humanos y entre estos y los dem\u00e1s seres naturales. Podr\u00eda calificarse con una expresi\u00f3n venida a cl\u00e1sica: un Cambio civilizatorio. Un cambio necesario en &nbsp;las mentalidades atadas todav\u00eda al esclavismo que inhibe a sus portadores de defender sus derechos; un cambio en la recepci\u00f3n de fincados misticismos que a la vez que se prestan&nbsp; para fundamentar el autoritarismo coadyuvan a mantener arraigadas costumbres de sumisi\u00f3n y servilismo; un cambio en los fundamentos modernos que dieron lugar a concepciones como la de un ser humano ego\u00edsta y abusador, la del Imperio de la ganancia y &nbsp;la del Estado nacional.<\/p>\n\n\n\n<p>Cambio que va aflorando en diferentes formas e intensidad a nivel estatal, regional y mundial, pero en lo fundamental coincidente y por tal de influencia mutua, abri\u00e9ndose paso para institucionalizarse en procesos complejos y tensos, en los cuales todas las fuerzas activas entran en acci\u00f3n y el debate pol\u00edtico demanda que todo lo cre\u00eddo y sabido ha de ser discutido. Solo este cambio nos permitir\u00e1 hacer frente, oportuna y eficazmente, a los retos de nuestro tiempo: el calentamiento global, la tendencia a la escasez de los recursos naturales b\u00e1sicos para la vida, la &nbsp;deficiente producci\u00f3n de alimentos en relaci\u00f3n con la demanda universal, la pobreza y la migraci\u00f3n, la corrupci\u00f3n, la discriminaci\u00f3n racista, econ\u00f3mica y cultural, &nbsp;la violencia como medio de dirimir problemas, &nbsp;la &nbsp;p\u00e9rdida de confianza en &nbsp;la ciencia, etc.<\/p>\n\n\n\n<p>Se torna vital leer con juicio &nbsp;lo que acaece en nuestro pa\u00eds y el mundo, sometiendo sus resultados al m\u00e1s amplio debate racional posible con arreglo a entendernos en sus demandas de transformaci\u00f3n y, poder, cada quien, como ciudadano colombiano y, quiz\u00e1, como ciudadano del mundo, decidir consciente y responsablemente&nbsp; sobre lo que debemos todos y en bien de todos hacer.<\/p>\n\n\n\n<p>Esta nota, \u201cREFLEXIONAR PARA DECIDIR\u201d, viene a ser la presentacion de las columnas que he de escribir con el prop\u00f3sito de: realizar, en calidad de observador y agente, el seguimiento cr\u00edtico a estas tendencias de cambio.\u00a0<\/p>","protected":false},"excerpt":{"rendered":"<p>Carlos Ordonez, Miami 07\/11\/2023 Al parecer, si mi percepci\u00f3n- que se identifica con la de muchos- acierta, se ha abierto una \u00e9poca de cambio para Colombia en un escenario mundial en el que tiende a abrirse una nueva \u00e9poca de cambio. Se trata de un cambio significativo en la conciencia y las costumbres relacionales entre [&hellip;]<\/p>","protected":false},"author":2,"featured_media":556,"comment_status":"open","ping_status":"open","sticky":false,"template":"","format":"standard","meta":{"tdm_status":"","tdm_grid_status":"","footnotes":""},"categories":[39],"tags":[],"class_list":{"0":"post-530","1":"post","2":"type-post","3":"status-publish","4":"format-standard","5":"has-post-thumbnail","7":"category-politica"},"yoast_head":"<!-- This site is optimized with the Yoast SEO plugin v20.9 - https:\/\/yoast.com\/wordpress\/plugins\/seo\/ -->\n<title>REFLEXIONAR PARA DECIDIR - puntodevista<\/title>\n<meta name=\"description\" content=\"REFLEXIONAR PARA DECIDIR\" \/>\n<meta name=\"robots\" content=\"index, follow, max-snippet:-1, max-image-preview:large, max-video-preview:-1\" \/>\n<link rel=\"canonical\" href=\"https:\/\/puntodevista.org\/es\/reflexionar-para-decidir\/\" \/>\n<meta property=\"og:locale\" content=\"es_ES\" \/>\n<meta property=\"og:type\" content=\"article\" \/>\n<meta property=\"og:title\" content=\"REFLEXIONAR PARA DECIDIR - puntodevista\" \/>\n<meta property=\"og:description\" content=\"REFLEXIONAR PARA DECIDIR\" \/>\n<meta property=\"og:url\" content=\"https:\/\/puntodevista.org\/es\/reflexionar-para-decidir\/\" \/>\n<meta property=\"og:site_name\" content=\"puntodevista\" \/>\n<meta property=\"article:author\" content=\"https:\/\/www.facebook.com\/carlos.ordonez.73997\" \/>\n<meta property=\"article:published_time\" content=\"2023-06-23T17:30:42+00:00\" \/>\n<meta property=\"article:modified_time\" content=\"2023-07-11T18:25:50+00:00\" \/>\n<meta property=\"og:image\" content=\"https:\/\/puntodevista.org\/wp-content\/uploads\/2023\/06\/valentin-3.jpg\" \/>\n\t<meta property=\"og:image:width\" content=\"424\" \/>\n\t<meta property=\"og:image:height\" content=\"476\" \/>\n\t<meta property=\"og:image:type\" content=\"image\/jpeg\" \/>\n<meta name=\"author\" content=\"Carlos Ord\u00f3\u00f1ez\" \/>\n<meta name=\"twitter:card\" content=\"summary_large_image\" \/>\n<meta name=\"twitter:label1\" content=\"Escrito por\" \/>\n\t<meta name=\"twitter:data1\" content=\"Carlos Ord\u00f3\u00f1ez\" \/>\n\t<meta name=\"twitter:label2\" content=\"Tiempo estimado de lectura\" \/>\n\t<meta name=\"twitter:data2\" content=\"2 minutos\" \/>\n<script type=\"application\/ld+json\" class=\"yoast-schema-graph\">{\"@context\":\"https:\/\/schema.org\",\"@graph\":[{\"@type\":\"WebPage\",\"@id\":\"https:\/\/puntodevista.org\/reflexionar-para-decidir\/\",\"url\":\"https:\/\/puntodevista.org\/reflexionar-para-decidir\/\",\"name\":\"REFLEXIONAR PARA DECIDIR - puntodevista\",\"isPartOf\":{\"@id\":\"https:\/\/puntodevista.org\/#website\"},\"datePublished\":\"2023-06-23T17:30:42+00:00\",\"dateModified\":\"2023-07-11T18:25:50+00:00\",\"author\":{\"@id\":\"https:\/\/puntodevista.org\/#\/schema\/person\/ac5232212d1f604fbbc1a0242ff207de\"},\"description\":\"REFLEXIONAR PARA DECIDIR\",\"breadcrumb\":{\"@id\":\"https:\/\/puntodevista.org\/reflexionar-para-decidir\/#breadcrumb\"},\"inLanguage\":\"es-CO\",\"potentialAction\":[{\"@type\":\"ReadAction\",\"target\":[\"https:\/\/puntodevista.org\/reflexionar-para-decidir\/\"]}]},{\"@type\":\"BreadcrumbList\",\"@id\":\"https:\/\/puntodevista.org\/reflexionar-para-decidir\/#breadcrumb\",\"itemListElement\":[{\"@type\":\"ListItem\",\"position\":1,\"name\":\"Home\",\"item\":\"https:\/\/puntodevista.org\/\"},{\"@type\":\"ListItem\",\"position\":2,\"name\":\"REFLEXIONAR PARA DECIDIR\"}]},{\"@type\":\"WebSite\",\"@id\":\"https:\/\/puntodevista.org\/#website\",\"url\":\"https:\/\/puntodevista.org\/\",\"name\":\"puntodevista\",\"description\":\"Cual es tu punto de vista?\",\"potentialAction\":[{\"@type\":\"SearchAction\",\"target\":{\"@type\":\"EntryPoint\",\"urlTemplate\":\"https:\/\/puntodevista.org\/?s={search_term_string}\"},\"query-input\":\"required name=search_term_string\"}],\"inLanguage\":\"es-CO\"},{\"@type\":\"Person\",\"@id\":\"https:\/\/puntodevista.org\/#\/schema\/person\/ac5232212d1f604fbbc1a0242ff207de\",\"name\":\"Carlos Ord\u00f3\u00f1ez\",\"image\":{\"@type\":\"ImageObject\",\"inLanguage\":\"es-CO\",\"@id\":\"https:\/\/puntodevista.org\/#\/schema\/person\/image\/\",\"url\":\"https:\/\/secure.gravatar.com\/avatar\/d4fe50eab181c7b678485acef55d0c70772ed739b28cce17a9b2ab56d5d023cb?s=96&d=blank&r=g\",\"contentUrl\":\"https:\/\/secure.gravatar.com\/avatar\/d4fe50eab181c7b678485acef55d0c70772ed739b28cce17a9b2ab56d5d023cb?s=96&d=blank&r=g\",\"caption\":\"Carlos Ord\u00f3\u00f1ez\"},\"sameAs\":[\"https:\/\/www.facebook.com\/carlos.ordonez.73997\"],\"url\":\"https:\/\/puntodevista.org\/es\/author\/carlos-ordonez\/\"}]}<\/script>\n<!-- \/ Yoast SEO plugin. -->","yoast_head_json":{"title":"REFLEXIONAR PARA DECIDIR - puntodevista","description":"REFLEXIONAR PARA DECIDIR","robots":{"index":"index","follow":"follow","max-snippet":"max-snippet:-1","max-image-preview":"max-image-preview:large","max-video-preview":"max-video-preview:-1"},"canonical":"https:\/\/puntodevista.org\/es\/reflexionar-para-decidir\/","og_locale":"es_ES","og_type":"article","og_title":"REFLEXIONAR PARA DECIDIR - puntodevista","og_description":"REFLEXIONAR PARA DECIDIR","og_url":"https:\/\/puntodevista.org\/es\/reflexionar-para-decidir\/","og_site_name":"puntodevista","article_author":"https:\/\/www.facebook.com\/carlos.ordonez.73997","article_published_time":"2023-06-23T17:30:42+00:00","article_modified_time":"2023-07-11T18:25:50+00:00","og_image":[{"width":424,"height":476,"url":"https:\/\/puntodevista.org\/wp-content\/uploads\/2023\/06\/valentin-3.jpg","type":"image\/jpeg"}],"author":"Carlos Ord\u00f3\u00f1ez","twitter_card":"summary_large_image","twitter_misc":{"Escrito por":"Carlos Ord\u00f3\u00f1ez","Tiempo estimado de lectura":"2 minutos"},"schema":{"@context":"https:\/\/schema.org","@graph":[{"@type":"WebPage","@id":"https:\/\/puntodevista.org\/reflexionar-para-decidir\/","url":"https:\/\/puntodevista.org\/reflexionar-para-decidir\/","name":"REFLEXIONAR PARA DECIDIR - puntodevista","isPartOf":{"@id":"https:\/\/puntodevista.org\/#website"},"datePublished":"2023-06-23T17:30:42+00:00","dateModified":"2023-07-11T18:25:50+00:00","author":{"@id":"https:\/\/puntodevista.org\/#\/schema\/person\/ac5232212d1f604fbbc1a0242ff207de"},"description":"REFLEXIONAR PARA DECIDIR","breadcrumb":{"@id":"https:\/\/puntodevista.org\/reflexionar-para-decidir\/#breadcrumb"},"inLanguage":"es-CO","potentialAction":[{"@type":"ReadAction","target":["https:\/\/puntodevista.org\/reflexionar-para-decidir\/"]}]},{"@type":"BreadcrumbList","@id":"https:\/\/puntodevista.org\/reflexionar-para-decidir\/#breadcrumb","itemListElement":[{"@type":"ListItem","position":1,"name":"Home","item":"https:\/\/puntodevista.org\/"},{"@type":"ListItem","position":2,"name":"REFLEXIONAR PARA DECIDIR"}]},{"@type":"WebSite","@id":"https:\/\/puntodevista.org\/#website","url":"https:\/\/puntodevista.org\/","name":"puntodevista","description":"Cual es tu punto de vista?","potentialAction":[{"@type":"SearchAction","target":{"@type":"EntryPoint","urlTemplate":"https:\/\/puntodevista.org\/?s={search_term_string}"},"query-input":"required name=search_term_string"}],"inLanguage":"es-CO"},{"@type":"Person","@id":"https:\/\/puntodevista.org\/#\/schema\/person\/ac5232212d1f604fbbc1a0242ff207de","name":"Carlos Ord\u00f3\u00f1ez","image":{"@type":"ImageObject","inLanguage":"es-CO","@id":"https:\/\/puntodevista.org\/#\/schema\/person\/image\/","url":"https:\/\/secure.gravatar.com\/avatar\/d4fe50eab181c7b678485acef55d0c70772ed739b28cce17a9b2ab56d5d023cb?s=96&d=blank&r=g","contentUrl":"https:\/\/secure.gravatar.com\/avatar\/d4fe50eab181c7b678485acef55d0c70772ed739b28cce17a9b2ab56d5d023cb?s=96&d=blank&r=g","caption":"Carlos Ord\u00f3\u00f1ez"},"sameAs":["https:\/\/www.facebook.com\/carlos.ordonez.73997"],"url":"https:\/\/puntodevista.org\/es\/author\/carlos-ordonez\/"}]}},"_links":{"self":[{"href":"https:\/\/puntodevista.org\/es\/wp-json\/wp\/v2\/posts\/530","targetHints":{"allow":["GET"]}}],"collection":[{"href":"https:\/\/puntodevista.org\/es\/wp-json\/wp\/v2\/posts"}],"about":[{"href":"https:\/\/puntodevista.org\/es\/wp-json\/wp\/v2\/types\/post"}],"author":[{"embeddable":true,"href":"https:\/\/puntodevista.org\/es\/wp-json\/wp\/v2\/users\/2"}],"replies":[{"embeddable":true,"href":"https:\/\/puntodevista.org\/es\/wp-json\/wp\/v2\/comments?post=530"}],"version-history":[{"count":4,"href":"https:\/\/puntodevista.org\/es\/wp-json\/wp\/v2\/posts\/530\/revisions"}],"predecessor-version":[{"id":590,"href":"https:\/\/puntodevista.org\/es\/wp-json\/wp\/v2\/posts\/530\/revisions\/590"}],"wp:featuredmedia":[{"embeddable":true,"href":"https:\/\/puntodevista.org\/es\/wp-json\/wp\/v2\/media\/556"}],"wp:attachment":[{"href":"https:\/\/puntodevista.org\/es\/wp-json\/wp\/v2\/media?parent=530"}],"wp:term":[{"taxonomy":"category","embeddable":true,"href":"https:\/\/puntodevista.org\/es\/wp-json\/wp\/v2\/categories?post=530"},{"taxonomy":"post_tag","embeddable":true,"href":"https:\/\/puntodevista.org\/es\/wp-json\/wp\/v2\/tags?post=530"}],"curies":[{"name":"wp","href":"https:\/\/api.w.org\/{rel}","templated":true}]}}