{"id":552,"date":"2023-06-23T15:20:10","date_gmt":"2023-06-23T20:20:10","guid":{"rendered":"https:\/\/puntodevista.org\/?p=552"},"modified":"2023-06-23T18:10:55","modified_gmt":"2023-06-23T23:10:55","slug":"552-2","status":"publish","type":"post","link":"https:\/\/puntodevista.org\/es\/552-2\/","title":{"rendered":"EN LA REFORMA A LA LEY 30, EL ARTICULO 86 ES DETERMINANTE"},"content":{"rendered":"<p><br>La Ley 30 contiene 143 art\u00edculos que aluden a diversos temas relacionados con la<br>educaci\u00f3n superior en t\u00e9rminos institucionales, financieros, de autonom\u00eda, calidad,<br>cobertura, pertinencia, campos de acci\u00f3n y programas acad\u00e9micos, entre otros.<br>Los 143 art\u00edculos, desde luego, no agotan el tema de la Educaci\u00f3n Superior, ni<br>mucho menos de la Educaci\u00f3n, en todos sus niveles. En consecuencia, lo m\u00e1s<br>seguro es que el debate en el Congreso se concentre en el Art\u00edculo 86, sobre el<br>cual gravita el modelo de financiaci\u00f3n.<br>Como punto de partida, conviene recordar que la ley 30 fue aprobada en un<br>contexto internacional y nacional totalmente adverso. En el plano internacional<br>por la ca\u00edda el muro de Berl\u00edn, la disoluci\u00f3n de la Uni\u00f3n Sovi\u00e9tica y el Consenso<br>de Washington, con sus directrices eminentemente privatizadoras, en suma, con<br>la adopci\u00f3n del paradigma neoliberal como dominante. Internamente, por la<br>apertura econ\u00f3mica, promovida por el presidente Cesar Gaviria, quien expres\u00f3 :<br>La Ley 30 de 1992 pretende que la educaci\u00f3n superior se ponga a tono con<br>la apertura econ\u00f3mica. Se encamina a que las universidades aporten al<br>desarrollo de nuevas tecnolog\u00edas. De esta manera tanto el sector privado<br>como el estatal podr\u00e1n competir con mayor iniciativa en el mercado<br>mundial. 1<br>No obstante, en 1990, fue convocada la Asamblea Constituyente con el objetivo<br>de reformar la Constituci\u00f3n de 1886, hallar f\u00f3rmulas para lograr la paz y ensanchar<br>la democracia participativa. La discusi\u00f3n se inici\u00f3 en la Preconstituyente o<br>\u201cCongresito\u201d, que trabaj\u00f3 en comisiones creadas para tratar diversos temas.<br>Para el de cultura, ciencia y tecnolog\u00eda, la comisi\u00f3n estuvo compuesta por 60<br>personas, bajo la coordinaci\u00f3n del Director de Colciencias, se ocup\u00f3 a fondo de<br>los problemas de la educaci\u00f3n superior y cont\u00f3 con el aval del Congreso Nacional<br>de profesores universitarios, reunido en Paipa, entre el 19 y 22 de noviembre de<br>1990, en el cual se presentaron diversas propuestas, entre otras, la de consagrar<br>la autonom\u00eda universitaria, considerar la educaci\u00f3n como un derecho y garantizar<br>la sostenibilidad financiera de las universidades p\u00fablicas.<br>El financiamiento de la Educaci\u00f3n Superior p\u00fablica se puede dar a trav\u00e9s de<br>mecanismos dirigidos a la oferta mediante los aportes directos de la Naci\u00f3n y las<br>entidades territoriales, o de mecanismos dirigidos a la demanda mediante el cobro<br>de elevadas tarifas de matr\u00edcula y cr\u00e9dito educativo (Icetex) para asumirlas.<br>En contrav\u00eda de las tendencias privatizadoras dominantes, el modelo de<br>financiaci\u00f3n de la Educaci\u00f3n Superior, establecido en el Art\u00edculo 86, consagr\u00f3 el<br>modelo de subsidio a la oferta:<br>1 EL TIEMPO 29 de septiembre 1993<\/p>\n\n\n\n<p>&#8221; Las universidades estatales u oficiales recibir\u00e1n anualmente aportes de los<br>presupuestos nacional y de las entidades territoriales, que signifiquen<br>siempre un incremento en pesos constantes, tomando como base los<br>presupuestos de rentas y gastos, vigentes a partir de 1993&#8243;. 2<br>En el art\u00edculo 87 se estableci\u00f3 que, adicionalmente a los recursos del art\u00edculo 86,<br>el Gobierno Nacional incrementar\u00eda sus aportes para las universidades estatales u<br>oficiales en un porcentaje no inferior al 30% del incremento del Producto Interno<br>Bruto y se elabor\u00f3 sistema de distribuci\u00f3n basada en indicadores de desempe\u00f1o,<br>mecanismo que fue utilizado para presionar el aumento de cobertura, sin recursos<br>adicionales.<br>En 2002, el entonces presidente Alvaro Uribe promovi\u00f3 un Referendo en el cual<br>incluy\u00f3 15 propuestas, entre las cuales figur\u00f3 la congelaci\u00f3n por dos a\u00f1os de los<br>gastos de funcionamiento de las entidades que administren recursos p\u00fablicos. La<br>aprobaci\u00f3n habr\u00eda implicado el congelamiento del presupuesto de las<br>universidades p\u00fablicas, pero no fue aprobada por falta de quorum. Ante su<br>fracaso, se opt\u00f3 por otras medidas tendientes a socavar modelo de subsidio a la<br>oferta.<br>El presidente Juan Manuel Santos, durante los dos per\u00edodos, dio continuidad a la<br>tarea privatizadora. En los foros auspiciados por el Ministerio de Educaci\u00f3n, desde<br>marzo de 2010, los ponentes del Banco Mundial sustentaron sus<br>recomendaciones basados en afirmaciones como las siguientes:<br>\u201cEn tiempos de recesi\u00f3n se requiere el recorte de gastos no prioritarios\u201d;\u2026..<br>Las tasas de matr\u00edcula, como mecanismos de mercado, pueden mejorar la<br>eficiencia\u201d; \u201cel financiamiento debe hacerse en funci\u00f3n del desempe\u00f1o, con<br>resultados en el mercado laboral\u201d ,\u201centre las ventajas del subsidio a la<br>demanda, el cr\u00e9dito permite diferir el pago del costo de la educaci\u00f3n<br>superior al momento en que los beneficios se materializan v\u00eda incrementos<br>salariales\u201d . 3<br>Para sustentar la validez del modelo, se mencionaron varios ejemplos, resaltando<br>el sustancial aumento de la cobertura en el Brasil y fue ostensible el caso de<br>Chile, pa\u00eds en el cual el modelo privatizador de subsidio a la demanda, mediante<br>el exponencial aumento de las tarifas de matr\u00edcula y la expansi\u00f3n del cr\u00e9dito, se<br>aplic\u00f3 a fondo y de manera dr\u00e1stica a partir de 1980, bajo la dictadura militar.<br>2 Art\u00edculo 86, Ley 30 de 1992.<br>3 Rodolfo Tuir\u00e1n; \u201cFINANCIAMIENTO DE LA E.S. EN MEXICO\u201d. BANCO MUNDIAL, Alejandro Caballero, \u201cLOS<br>PROGRAMAS PUBLICOS DE CREDITO ESTUDIANTIL EN UN CONTEXTO DE INCERTIDUMBRE ECONOMICA\u201d ;<br>OCDE, Paulo Santiago \u201cTENDENCIAS INTERNACIONALES DE FINANCIACION DE LA ES\u201d.<\/p>\n\n\n\n<p>Entre tanto, segu\u00eda aumentando la cobertura y los gastos de las universidades.<br>Seg\u00fan informaci\u00f3n del Instituto Colombiano de Fomento a la Educaci\u00f3n Superior<br>(ICFES) y del Sistema Nacional de Informaci\u00f3n de Educaci\u00f3n Superior (SNIES),<br>en 1993 la matr\u00edcula de las 32 universidades estatales en programas de pregrado<br>fue de 159.218 estudiantes, mientras que para el a\u00f1o 2011, este n\u00famero alcanz\u00f3<br>los 529.487 estudiantes, lo que significa un incremento de m\u00e1s del 232,55%.<br>La pol\u00edtica del MEN orientada al desmonte del Art\u00edculo 86, incluy\u00f3 la autorizaci\u00f3n<br>para crear Instituciones de Educaci\u00f3n Superior con \u201c\u00e1nimo de lucro\u201d , la cual fue<br>severamente cuestionada por diversos sectores, incluyendo algunos rectores de<br>universidades privadas.<br>En general, la propuesta del gobierno era tan lesiva, que las organizaciones<br>estudiantiles decidieron articularse, ampliando su participaci\u00f3n a estudiantes de<br>universidades privadas, por el endeudamiento para acceder a la educaci\u00f3n<br>superior. Bajo el liderazgo de la Mesa Amplia Nacional Estudiantil (MANE),<br>promovieron manifestaciones multitudinarias en Bogot\u00e1 y otras ciudades, debates<br>y foros en diversos escenarios. En abril y mayo de 2011, la MANE particip\u00f3 en<br>una protesta masiva en conjunto con los sindicatos del magisterio y el 1 de<br>septiembre sali\u00f3 de nuevo a la calle. El 12 de octubre otra marcha para dar inicio<br>al paro y el &#8220;abrazo a las universidades&#8221; el 26 del mismo mes. El 3 de noviembre<br>hubo una jornada nocturna conocida como &#8220;marcha de antorchas&#8221; y el 10 de<br>noviembre se produjo la movilizaci\u00f3n m\u00e1s multitudinaria de este ciclo de protestas,<br>que fue convocada como la &#8220;toma de Bogot\u00e1&#8221; y termin\u00f3 siendo una marcha<br>triunfal, pues se celebraba el anuncio del gobierno de retirar el proyecto de Ley.<br>Efectivamente, el 11 de noviembre el Presidente Santos, retir\u00f3 el proyecto de<br>reforma a la ley 30, acto que fue celebrado como una victoria de los estamentos<br>universitarios en la defensa de la Educaci\u00f3n Superior P\u00fablica.<br>Como es bien sabido, los costos de la ES crecen muy por encima del IPC, lo cual<br>va superando progresivamente lo alcanzado con el Art\u00edculo 86.<br>Mientras estos crecen con base en la variaci\u00f3n del IPC a diciembre de cada<br>a\u00f1o, los gastos y las inversiones de las universidades tiene un crecimiento<br>que dobla el crecimiento anual del IPC, generando un desajuste financiero<br>permanente. Para la muestra, hasta 2018, el promedio de crecimiento de<br>los gastos de funcionamiento e inversi\u00f3n y de los gastos de personal entre<br>2010 y 2017 aumentaron 9,7% y 9,4%, respectivamente, 5,9 puntos<br>porcentuales por encima del IPC, que en promedio para este mismo<br>per\u00edodo correspondi\u00f3 al 3,8%. 4<\/p>\n\n\n\n<p>4 Informe SUE, 2018, p. 85.<\/p>\n\n\n\n<p>Ante dicha situaci\u00f3n, en 2018, el Movimiento estudiantil adquiri\u00f3 elevados niveles<br>de confrontaci\u00f3n y movilizaci\u00f3n, a partir de los Encuentros realizados en la<br>Universidad Nacional y la Asamblea de Representantes profesorales de las<br>universidades p\u00fablicas (ARPUP) realizada en Riohacha, en la Universidad de la<br>Guajira, en la cual se acord\u00f3 exigir al gobierno nacional instalar una Mesa de<br>di\u00e1logo y concertaci\u00f3n para acordar y garantizar, entre otros puntos, los<br>siguientes:<\/p>\n\n\n\n<ol class=\"wp-block-list\">\n<li>Adici\u00f3n presupuestal inmediata para solventar la cr\u00edtica situaci\u00f3n financiera de<br>las IES p\u00fablicas a diciembre de 2018.<\/li>\n\n\n\n<li>Tr\u00e1mite urgente a una Reforma consensuada de los Art\u00edculos 86 y 87 de la Ley<br>30.<br>Los estudiantes analizaron la experiencia de la MANE, en 2011 y ampliaron el<br>alcance de sus actividades a trav\u00e9s de la Uni\u00f3n Nacional de Estudiantes de la<br>Educaci\u00f3n Superior (UNEES), la Asociaci\u00f3n Colombiana de Representantes<br>Estudiantiles (ACREES) y la Federaci\u00f3n Nacional de Representantes Estudiantiles<br>de Educaci\u00f3n (FENARES), que fueron apoyadas por las organizaciones<br>profesorales, ASPU , la Mesa Amplia de Profesores Universitarios (MANPUP) y la<br>Asamblea de Representantes profesorales de las universidades p\u00fablicas (ARPUP)<br>La movilizaci\u00f3n nacional se desarroll\u00f3 en el contexto global de las protestas de<br>Los indignados en diversos lugares del mundo, guiados por las expresiones de<br>m\u00e1xima indignaci\u00f3n en Harvard, de los activistas anti globalizaci\u00f3n, contra las<br>pol\u00edticas de la OCDE, del FMI y del Banco Mundial.<br>Como resultado, se reconoci\u00f3 institucionalmente la Mesa de Dialogo para la<br>construcci\u00f3n de acuerdos para la Educaci\u00f3n Superior P\u00fablica y se valid\u00f3 la<br>protesta social como mecanismo leg\u00edtimo de la democracia. Un logro<br>verdaderamente hist\u00f3rico del Movimiento Universitario (estudiantes,<br>profesores, empleados y trabajadores)<br>El 14 de diciembre de 2018 se divulg\u00f3 el Acuerdo, sobre el aumento a la base<br>presupuestal de las universidades, del IPC,<br>m\u00e1s:<br>2019 3.5%<br>2020 4.0%<br>2021 4.5%<br>2022 4.65%<br>Actualmente el contexto nacional es bien diferente. El Presidente Gustavo Petro<br>es progresista y totalmente distante del paradigma neoliberal. Para el a\u00f1o 2023<br>promovi\u00f3 la aprobaci\u00f3n del aumento a la base presupuestal del 5% y abri\u00f3 el<br>debate sobre la reforma a la ley 30, en el marco de las reformas que viene<br>promoviendo desde su posesi\u00f3n. Igualmente anunci\u00f3 el aumento de 500.000<br>cupos.<\/li>\n<\/ol>\n\n\n\n<p>Retomado la idea de que el elemento central es el Art\u00edculo 86, es preciso tener en<br>cuenta que las necesidades presupuestales para inversi\u00f3n en las universidades<br>p\u00fablicas son muy cuantiosas y ya fueron acogidas en el Plan de Desarrollo, pero<br>dependiendo de la disponibilidad presupuestal.<br>Espec\u00edficamente, los gastos de funcionamiento, no pueden depender del gobierno<br>de turno, ni de la disponibilidad presupuestal, ni del cr\u00e9dito bancario, como ocurr\u00eda<br>antes de 1993. El Art\u00edculo 86 es bien claro y no es susceptible de interpretaciones.<br>Reconociendo que el ajuste del IPC es insuficiente, porque los costos de la<br>educaci\u00f3n , en Colombia y en todo el mundo, aumentan m\u00e1s, se ha dise\u00f1ado un<br>nuevo indicador ICES (Indice de costos de la Educaci\u00f3n Superior), para aplicarlo a<br>las transferencias a la universidades p\u00fablicas.<br>Pero si se tiene en cuenta que en 2018, con las manifestaciones multitudinarias se<br>logr\u00f3 , no solamente detener las pretensiones privatizadoras, sino aumentar 5%<br>por encima del IPC, es algo que no puede dar marcha atr\u00e1s, lo cual ocurrir\u00e1 si se<br>acoge la propuesta de \u201cutilizar el \u00edndice costos de la Educaci\u00f3n Superior ICES<br>como criterio de ajuste real de las transferencias a las IES p\u00fablicas siempre y<br>cuando sea mayor al IPC\u201d, lo cual implicar\u00eda desconocer el 5% logrado hasta el<br>momento, con el que vienen trabajando las universidades desde 2019 y se<br>crear\u00eda un desajuste financiero muy grave, m\u00e1s a\u00fan cuando se trata de seguir<br>aumentando la cobertura, con calidad, lo cual requiere m\u00e1s recursos.<br>En consecuencia, la propuesta debe ser: Aumentar las transferencias,<br>utilizando el ICES, siempre y cuando sea superior al IPC m\u00e1s 5%. Dicho en<br>otros t\u00e9rminos: el m\u00ednimo debe ser IPC m\u00e1s 5%.<br>Si no se hace de esta manera se estar\u00e1 condenando a la asfixia presupuestal a<br>las universidades p\u00fablicas con sus inexorables grav\u00edsimas consecuencias.<\/p>\n\n\n\n<p>Luis Aurelio Ord\u00f3\u00f1ez B.<br>Representante Profesoral<br>Consejo Acad\u00e9mico<br>Universidad del Valle.<\/p>","protected":false},"excerpt":{"rendered":"<p>La Ley 30 contiene 143 art\u00edculos que aluden a diversos temas relacionados con laeducaci\u00f3n superior en t\u00e9rminos institucionales, financieros, de autonom\u00eda, calidad,cobertura, pertinencia, campos de acci\u00f3n y programas acad\u00e9micos, entre otros.Los 143 art\u00edculos, desde luego, no agotan el tema de la Educaci\u00f3n Superior, nimucho menos de la Educaci\u00f3n, en todos sus niveles. En consecuencia, lo [&hellip;]<\/p>","protected":false},"author":7,"featured_media":553,"comment_status":"open","ping_status":"open","sticky":false,"template":"","format":"standard","meta":{"tdm_status":"","tdm_grid_status":"","footnotes":""},"categories":[41,39,42],"tags":[],"class_list":{"0":"post-552","1":"post","2":"type-post","3":"status-publish","4":"format-standard","5":"has-post-thumbnail","7":"category-juridica","8":"category-politica","9":"category-reformas"},"yoast_head":"<!-- This site is optimized with the Yoast SEO plugin v20.9 - https:\/\/yoast.com\/wordpress\/plugins\/seo\/ -->\n<title>EN LA REFORMA A LA LEY 30, EL ARTICULO 86 ES DETERMINANTE - puntodevista<\/title>\n<meta name=\"robots\" content=\"index, follow, max-snippet:-1, max-image-preview:large, max-video-preview:-1\" \/>\n<link rel=\"canonical\" href=\"https:\/\/puntodevista.org\/es\/552-2\/\" \/>\n<meta property=\"og:locale\" content=\"es_ES\" \/>\n<meta property=\"og:type\" content=\"article\" \/>\n<meta property=\"og:title\" content=\"EN LA REFORMA A LA LEY 30, EL ARTICULO 86 ES DETERMINANTE - puntodevista\" \/>\n<meta property=\"og:description\" content=\"La Ley 30 contiene 143 art\u00edculos que aluden a diversos temas relacionados con laeducaci\u00f3n superior en t\u00e9rminos institucionales, financieros, de autonom\u00eda, calidad,cobertura, pertinencia, campos de acci\u00f3n y programas acad\u00e9micos, entre otros.Los 143 art\u00edculos, desde luego, no agotan el tema de la Educaci\u00f3n Superior, nimucho menos de la Educaci\u00f3n, en todos sus niveles. En consecuencia, lo [&hellip;]\" \/>\n<meta property=\"og:url\" content=\"https:\/\/puntodevista.org\/es\/552-2\/\" \/>\n<meta property=\"og:site_name\" content=\"puntodevista\" \/>\n<meta property=\"article:published_time\" content=\"2023-06-23T20:20:10+00:00\" \/>\n<meta property=\"article:modified_time\" content=\"2023-06-23T23:10:55+00:00\" \/>\n<meta property=\"og:image\" content=\"https:\/\/puntodevista.org\/wp-content\/uploads\/2023\/06\/good-free.jpg\" \/>\n\t<meta property=\"og:image:width\" content=\"692\" \/>\n\t<meta property=\"og:image:height\" content=\"461\" \/>\n\t<meta property=\"og:image:type\" content=\"image\/jpeg\" \/>\n<meta name=\"author\" content=\"Luis Aurelio Ord\u00f3\u00f1ez\" \/>\n<meta name=\"twitter:card\" content=\"summary_large_image\" \/>\n<meta name=\"twitter:label1\" content=\"Escrito por\" \/>\n\t<meta name=\"twitter:data1\" content=\"Luis Aurelio Ord\u00f3\u00f1ez\" \/>\n\t<meta name=\"twitter:label2\" content=\"Tiempo estimado de lectura\" \/>\n\t<meta name=\"twitter:data2\" content=\"9 minutos\" \/>\n<script type=\"application\/ld+json\" class=\"yoast-schema-graph\">{\"@context\":\"https:\/\/schema.org\",\"@graph\":[{\"@type\":\"WebPage\",\"@id\":\"https:\/\/puntodevista.org\/552-2\/\",\"url\":\"https:\/\/puntodevista.org\/552-2\/\",\"name\":\"EN LA REFORMA A LA LEY 30, EL ARTICULO 86 ES DETERMINANTE - puntodevista\",\"isPartOf\":{\"@id\":\"https:\/\/puntodevista.org\/#website\"},\"datePublished\":\"2023-06-23T20:20:10+00:00\",\"dateModified\":\"2023-06-23T23:10:55+00:00\",\"author\":{\"@id\":\"https:\/\/puntodevista.org\/#\/schema\/person\/a6308f3e3c566942d7be2b8a40d6ea22\"},\"breadcrumb\":{\"@id\":\"https:\/\/puntodevista.org\/552-2\/#breadcrumb\"},\"inLanguage\":\"es-CO\",\"potentialAction\":[{\"@type\":\"ReadAction\",\"target\":[\"https:\/\/puntodevista.org\/552-2\/\"]}]},{\"@type\":\"BreadcrumbList\",\"@id\":\"https:\/\/puntodevista.org\/552-2\/#breadcrumb\",\"itemListElement\":[{\"@type\":\"ListItem\",\"position\":1,\"name\":\"Home\",\"item\":\"https:\/\/puntodevista.org\/\"},{\"@type\":\"ListItem\",\"position\":2,\"name\":\"EN LA REFORMA A LA LEY 30, EL ARTICULO 86 ES DETERMINANTE\"}]},{\"@type\":\"WebSite\",\"@id\":\"https:\/\/puntodevista.org\/#website\",\"url\":\"https:\/\/puntodevista.org\/\",\"name\":\"puntodevista\",\"description\":\"Cual es tu punto de vista?\",\"potentialAction\":[{\"@type\":\"SearchAction\",\"target\":{\"@type\":\"EntryPoint\",\"urlTemplate\":\"https:\/\/puntodevista.org\/?s={search_term_string}\"},\"query-input\":\"required name=search_term_string\"}],\"inLanguage\":\"es-CO\"},{\"@type\":\"Person\",\"@id\":\"https:\/\/puntodevista.org\/#\/schema\/person\/a6308f3e3c566942d7be2b8a40d6ea22\",\"name\":\"Luis Aurelio Ord\u00f3\u00f1ez\",\"image\":{\"@type\":\"ImageObject\",\"inLanguage\":\"es-CO\",\"@id\":\"https:\/\/puntodevista.org\/#\/schema\/person\/image\/\",\"url\":\"https:\/\/secure.gravatar.com\/avatar\/d0690d506aafcff032e5142e5dfd1ba1548e3feb3a72ee019f4b10e5e9541e59?s=96&d=blank&r=g\",\"contentUrl\":\"https:\/\/secure.gravatar.com\/avatar\/d0690d506aafcff032e5142e5dfd1ba1548e3feb3a72ee019f4b10e5e9541e59?s=96&d=blank&r=g\",\"caption\":\"Luis Aurelio Ord\u00f3\u00f1ez\"},\"url\":\"https:\/\/puntodevista.org\/es\/author\/luis-aurelio-ordonez\/\"}]}<\/script>\n<!-- \/ Yoast SEO plugin. -->","yoast_head_json":{"title":"EN LA REFORMA A LA LEY 30, EL ARTICULO 86 ES DETERMINANTE - puntodevista","robots":{"index":"index","follow":"follow","max-snippet":"max-snippet:-1","max-image-preview":"max-image-preview:large","max-video-preview":"max-video-preview:-1"},"canonical":"https:\/\/puntodevista.org\/es\/552-2\/","og_locale":"es_ES","og_type":"article","og_title":"EN LA REFORMA A LA LEY 30, EL ARTICULO 86 ES DETERMINANTE - puntodevista","og_description":"La Ley 30 contiene 143 art\u00edculos que aluden a diversos temas relacionados con laeducaci\u00f3n superior en t\u00e9rminos institucionales, financieros, de autonom\u00eda, calidad,cobertura, pertinencia, campos de acci\u00f3n y programas acad\u00e9micos, entre otros.Los 143 art\u00edculos, desde luego, no agotan el tema de la Educaci\u00f3n Superior, nimucho menos de la Educaci\u00f3n, en todos sus niveles. En consecuencia, lo [&hellip;]","og_url":"https:\/\/puntodevista.org\/es\/552-2\/","og_site_name":"puntodevista","article_published_time":"2023-06-23T20:20:10+00:00","article_modified_time":"2023-06-23T23:10:55+00:00","og_image":[{"width":692,"height":461,"url":"https:\/\/puntodevista.org\/wp-content\/uploads\/2023\/06\/good-free.jpg","type":"image\/jpeg"}],"author":"Luis Aurelio Ord\u00f3\u00f1ez","twitter_card":"summary_large_image","twitter_misc":{"Escrito por":"Luis Aurelio Ord\u00f3\u00f1ez","Tiempo estimado de lectura":"9 minutos"},"schema":{"@context":"https:\/\/schema.org","@graph":[{"@type":"WebPage","@id":"https:\/\/puntodevista.org\/552-2\/","url":"https:\/\/puntodevista.org\/552-2\/","name":"EN LA REFORMA A LA LEY 30, EL ARTICULO 86 ES DETERMINANTE - puntodevista","isPartOf":{"@id":"https:\/\/puntodevista.org\/#website"},"datePublished":"2023-06-23T20:20:10+00:00","dateModified":"2023-06-23T23:10:55+00:00","author":{"@id":"https:\/\/puntodevista.org\/#\/schema\/person\/a6308f3e3c566942d7be2b8a40d6ea22"},"breadcrumb":{"@id":"https:\/\/puntodevista.org\/552-2\/#breadcrumb"},"inLanguage":"es-CO","potentialAction":[{"@type":"ReadAction","target":["https:\/\/puntodevista.org\/552-2\/"]}]},{"@type":"BreadcrumbList","@id":"https:\/\/puntodevista.org\/552-2\/#breadcrumb","itemListElement":[{"@type":"ListItem","position":1,"name":"Home","item":"https:\/\/puntodevista.org\/"},{"@type":"ListItem","position":2,"name":"EN LA REFORMA A LA LEY 30, EL ARTICULO 86 ES DETERMINANTE"}]},{"@type":"WebSite","@id":"https:\/\/puntodevista.org\/#website","url":"https:\/\/puntodevista.org\/","name":"puntodevista","description":"Cual es tu punto de vista?","potentialAction":[{"@type":"SearchAction","target":{"@type":"EntryPoint","urlTemplate":"https:\/\/puntodevista.org\/?s={search_term_string}"},"query-input":"required name=search_term_string"}],"inLanguage":"es-CO"},{"@type":"Person","@id":"https:\/\/puntodevista.org\/#\/schema\/person\/a6308f3e3c566942d7be2b8a40d6ea22","name":"Luis Aurelio Ord\u00f3\u00f1ez","image":{"@type":"ImageObject","inLanguage":"es-CO","@id":"https:\/\/puntodevista.org\/#\/schema\/person\/image\/","url":"https:\/\/secure.gravatar.com\/avatar\/d0690d506aafcff032e5142e5dfd1ba1548e3feb3a72ee019f4b10e5e9541e59?s=96&d=blank&r=g","contentUrl":"https:\/\/secure.gravatar.com\/avatar\/d0690d506aafcff032e5142e5dfd1ba1548e3feb3a72ee019f4b10e5e9541e59?s=96&d=blank&r=g","caption":"Luis Aurelio Ord\u00f3\u00f1ez"},"url":"https:\/\/puntodevista.org\/es\/author\/luis-aurelio-ordonez\/"}]}},"_links":{"self":[{"href":"https:\/\/puntodevista.org\/es\/wp-json\/wp\/v2\/posts\/552","targetHints":{"allow":["GET"]}}],"collection":[{"href":"https:\/\/puntodevista.org\/es\/wp-json\/wp\/v2\/posts"}],"about":[{"href":"https:\/\/puntodevista.org\/es\/wp-json\/wp\/v2\/types\/post"}],"author":[{"embeddable":true,"href":"https:\/\/puntodevista.org\/es\/wp-json\/wp\/v2\/users\/7"}],"replies":[{"embeddable":true,"href":"https:\/\/puntodevista.org\/es\/wp-json\/wp\/v2\/comments?post=552"}],"version-history":[{"count":2,"href":"https:\/\/puntodevista.org\/es\/wp-json\/wp\/v2\/posts\/552\/revisions"}],"predecessor-version":[{"id":555,"href":"https:\/\/puntodevista.org\/es\/wp-json\/wp\/v2\/posts\/552\/revisions\/555"}],"wp:featuredmedia":[{"embeddable":true,"href":"https:\/\/puntodevista.org\/es\/wp-json\/wp\/v2\/media\/553"}],"wp:attachment":[{"href":"https:\/\/puntodevista.org\/es\/wp-json\/wp\/v2\/media?parent=552"}],"wp:term":[{"taxonomy":"category","embeddable":true,"href":"https:\/\/puntodevista.org\/es\/wp-json\/wp\/v2\/categories?post=552"},{"taxonomy":"post_tag","embeddable":true,"href":"https:\/\/puntodevista.org\/es\/wp-json\/wp\/v2\/tags?post=552"}],"curies":[{"name":"wp","href":"https:\/\/api.w.org\/{rel}","templated":true}]}}