{"id":629,"date":"2024-05-02T10:33:32","date_gmt":"2024-05-02T15:33:32","guid":{"rendered":"https:\/\/puntodevista.org\/?p=629"},"modified":"2024-05-02T10:33:32","modified_gmt":"2024-05-02T15:33:32","slug":"del-pacto-historico-como-frente-amplio-a-partido-politico","status":"publish","type":"post","link":"https:\/\/puntodevista.org\/es\/del-pacto-historico-como-frente-amplio-a-partido-politico\/","title":{"rendered":"DEL PACTO HISTORICO COMO FRENTE AMPLIO A PARTIDO POLITICO"},"content":{"rendered":"<p>Carlos Ordonez, Miami, 5\/01\/2024<\/p>\n\n\n\n<p>La propuesta de cambiar el car\u00e1cter del Pacto Hist\u00f3rico, pasando de ser una coalici\u00f3n electoral en los t\u00e9rminos conocidos de Frente Amplio \u2013 la que dio &nbsp;resultados positivos en la elecci\u00f3n de Gustavo Petro a la Presidencia de la Republica de Colombia en el 2022-&nbsp; a la conformaci\u00f3n de un solo partido pol\u00edtico liderado por los partidos en \u00e9l coaligados, responde a la necesidad&nbsp; de consolidar&nbsp; y dar continuidad al cambio iniciado en el &nbsp;Gobierno del Presidente Gustavo Petro.<\/p>\n\n\n\n<p>Es una acertada convocatoria para apoyar y difundir las realizaciones del Gobierno del Cambio y trabajar colectivamente en la organizaci\u00f3n y la formaci\u00f3n de la opini\u00f3n y voluntad de las mayor\u00edas ciudadanas, &nbsp;alrededor del ideario pol\u00edtico que ha de seguir abriendo reales perspectivas de convivencia pac\u00edfica y progreso general e individual. Se trata de un trabajo presencial del Partido en todos los territorios del pa\u00eds, coordinado en lo posible con el que realiza el Gobierno, acompa\u00f1ado de medios de comunicaci\u00f3n serios,&nbsp; capaces de competir con los de la oposici\u00f3n en su labor de desinformaci\u00f3n y manipulaci\u00f3n perversa e inescrupulosa de la opini\u00f3n p\u00fablica.<\/p>\n\n\n\n<p>&nbsp;El nombre que sugiero para el partido es el de Pacto Hist\u00f3rico. Este nombre tiene el m\u00e9rito de haber calado en&nbsp; la opini\u00f3n p\u00fablica y hace honor a esa coalici\u00f3n y al l\u00edder que la propici\u00f3, Gustavo Petro Urrego,&nbsp; por haber dividido la historia pol\u00edtica del pa\u00eds en un antes y un despu\u00e9s de su triunfo electoral; un despu\u00e9s que pretendemos consolidar. &nbsp;<\/p>\n\n\n\n<p>El partido puede concebirse como progresista en tanto se propone profundos cambios&nbsp; en las mentalidades y costumbres de los ciudadanos para erradicar la ilegalidad, la corrupci\u00f3n, la sumisi\u00f3n y el ego\u00edsmo, para estimular la solidaridad, el conocimiento, el emprendimiento creativo individual y colectivo en la producci\u00f3n de bienes, servicios y artes, ciencia y tecnolog\u00eda, protegiendo el medio ambiente, as\u00ed como llevar a cabo transformaciones pol\u00edticas encaminadas al logro efectivo de una convivencia pac\u00edfica en el marco del Estado social y democr\u00e1tico de derecho y&nbsp; el progreso econ\u00f3mico, social y cultural que mejore la forma de vida de todos los ciudadanos.<\/p>\n\n\n\n<p>La tarea de constituir este partido pol\u00edtico ligado a un objetivo tan claro como ese no es de poca monta; &nbsp;debe partir, para ser consecuente con el cambio que se propone, constituirse as\u00ed mismo con visi\u00f3n de cambio.<\/p>\n\n\n\n<p>M\u00e1s aun, en el mismo proceso de constituci\u00f3n del partido puede iniciarse la tarea prevista para \u00e9l: hacer participar en este proceso el mayor n\u00famero de ciudadanos en una discusi\u00f3n franca y abierta sobre la plataforma pol\u00edtica del partido con el prop\u00f3sito&nbsp; de permitir a todos los que honestamente lo deseen ser part\u00edcipes de la gestaci\u00f3n del partido. El proceso debe concluir en lograr entendimiento sobre lo fundamental, que permita definir con gran ponderaci\u00f3n sus dos elementos b\u00e1sicos: su discurso pol\u00edtico y su estructuraci\u00f3n organizativa y funcional.<\/p>\n\n\n\n<p>Para empezar, con el nuevo partido han de descartarse en forma contundente las pr\u00e1cticas, convertidas en costumbre, de los partidos pol\u00edticos tradicionales y sus sectas disidentes \u2013las que optaron por formar tolda aparte para resolver salom\u00f3nicamente&nbsp; la puja por el poder interno-; pr\u00e1cticas que han degradado la funci\u00f3n que en una democracia avanzada le corresponde a los partidos pol\u00edticos. Estas pr\u00e1cticas se visibilizan al apreciar la conversi\u00f3n de los partidos en antros burocr\u00e1ticos, comercializadores de avales, de votos en el Congreso, de contratos p\u00fablicos, con el tr\u00e1fico de influencias, as\u00ed como en empresas compradoras de votos en las comunidades para asegurar la elecci\u00f3n popular de sus &nbsp;agentes. Pr\u00e1cticas que reflejan la&nbsp; instrumentalizaci\u00f3n del potencial de votantes.<\/p>\n\n\n\n<p>Estas pr\u00e1cticas encuentran apropiado caldo de cultivo en las instituciones p\u00fablicas y &nbsp;buena parte de la poblaci\u00f3n captadas &nbsp;por &nbsp;mentalidades y pr\u00e1cticas corruptas.<\/p>\n\n\n\n<p>El Partido Pacto Hist\u00f3rico debe reivindicar la pol\u00edtica, tanto en su actividad pr\u00e1ctica como te\u00f3rica y al tiempo &nbsp;reivindicar la funci\u00f3n propia de los partidos pol\u00edticos en el marco de un Estado social y democr\u00e1tico de derecho.<\/p>\n\n\n\n<p>La pol\u00edtica ha de constituirse en elemento esencial de la cultura ciudadana y su pr\u00e1ctica ha de enfocarse en la deliberaci\u00f3n racional, por lo tanto libre, y la toma de posiciones por los ciudadanos&nbsp; en la esfera p\u00fablica, las que deben considerarse como mandato para sus representantes sobre la regulaci\u00f3n jur\u00eddica de su comportamiento social, la dedicaci\u00f3n y administraci\u00f3n de los bienes p\u00fablicos y la satisfacci\u00f3n universal de los derechos fundamentales; y la funci\u00f3n de los partidos, debe ser m\u00e1s pedag\u00f3gica y cognitiva que propagand\u00edstica y psicol\u00f3gica, &nbsp;es decir, actuar como cosechadores y semilleros de ideas y propuestas orientadas a satisfacer intereses generales para actuar en la esfera p\u00fablica pol\u00edtica con gran motivaci\u00f3n y convicci\u00f3n pol\u00edtica en el proceso de la formaci\u00f3n de la opini\u00f3n y voluntad de los ciudadanos en esa relaci\u00f3n entre Estado y ciudadan\u00eda, ciudadan\u00eda y Estado.<\/p>\n\n\n\n<p>&nbsp;Esta deliberaci\u00f3n pol\u00edtica, que le confiere sentido y raz\u00f3n de ser a la pol\u00edtica democr\u00e1tica solo es posible si no se tratan tem\u00e1ticas con actitud dogm\u00e1tica al estilo sectario de los religiosos. La actividad comunicativa de los l\u00edderes religiosos no es deliberativa sobre sus credos investidos de presunto sacro dogmatismo, por lo que no son sometidos a cr\u00edtica alguna y tienden a influir en sus fieles convocando la fe en una autoridad trascendental. La pol\u00edtica ha heredado esa misma actitud dogm\u00e1tica sacralizando sus convicciones como credo pol\u00edtico y santificando sus l\u00edderes.&nbsp; Si los idearios pol\u00edticos son factibles de cr\u00edtica se abre la posibilidad de un horizonte de deliberaci\u00f3n cr\u00edtica y legitima que forma a la ciudadan\u00eda en el uso p\u00fablico de la raz\u00f3n y en el ejercicio de su autonom\u00eda participativa en la conformaci\u00f3n del orden social.<\/p>\n\n\n\n<p>Otro factor que entorpece la confrontaci\u00f3n racional de posiciones o propuestas pol\u00edticas en la esfera p\u00fablica o en la esfera legislativa aparece cuando se participa con una actitud estrat\u00e9gica en la defensa de intereses particulares, con las&nbsp; cuales no&nbsp; se pretenden llegar a entendimiento alguno sino a influir&nbsp; una masa para instrumentalizarla con infundios irreales o marginados de lo verdadero, sembrando miedos, amenazas, etc., para imponerlas sin preocuparse si generan soluci\u00f3n a los problemas o no, si generan inestabilidad o no, si generan integraci\u00f3n social o no. Diferente ocurre con las deliberaciones con una actitud&nbsp; realizativa de respeto por el otro en direcci\u00f3n a llegar a un entendimiento con \u00e9l en beneficio de todos, generando secuencialmente integraci\u00f3n social y por tanto estabilidad social al asegurar las expectativas del comportamiento del otro en concordancia con el entendimiento logrado o pactado.<\/p>\n\n\n\n<p>Sobre la plataforma pol\u00edtica del partido Pacto Hist\u00f3rico aportar\u00e9&nbsp; en este Blog algunas reflexiones en varias columnas. Pretendo que \u00e9sta y dem\u00e1s columnas sean un acicate para iniciar cuanto antes la discusi\u00f3n sobre la propuesta de constituir el partido del Pacto Hist\u00f3rico.<\/p>","protected":false},"excerpt":{"rendered":"<p>Carlos Ordonez, Miami, 5\/01\/2024 La propuesta de cambiar el car\u00e1cter del Pacto Hist\u00f3rico, pasando de ser una coalici\u00f3n electoral en los t\u00e9rminos conocidos de Frente Amplio \u2013 la que dio &nbsp;resultados positivos en la elecci\u00f3n de Gustavo Petro a la Presidencia de la Republica de Colombia en el 2022-&nbsp; a la conformaci\u00f3n de un solo [&hellip;]<\/p>","protected":false},"author":2,"featured_media":632,"comment_status":"open","ping_status":"open","sticky":false,"template":"","format":"standard","meta":{"tdm_status":"","tdm_grid_status":"","footnotes":""},"categories":[7,39],"tags":[],"class_list":{"0":"post-629","1":"post","2":"type-post","3":"status-publish","4":"format-standard","5":"has-post-thumbnail","7":"category-news","8":"category-politica"},"yoast_head":"<!-- This site is optimized with the Yoast SEO plugin v20.9 - https:\/\/yoast.com\/wordpress\/plugins\/seo\/ -->\n<title>DEL PACTO HISTORICO COMO FRENTE AMPLIO A PARTIDO POLITICO - puntodevista<\/title>\n<meta name=\"robots\" content=\"index, follow, max-snippet:-1, max-image-preview:large, max-video-preview:-1\" \/>\n<link rel=\"canonical\" href=\"https:\/\/puntodevista.org\/es\/del-pacto-historico-como-frente-amplio-a-partido-politico\/\" \/>\n<meta property=\"og:locale\" content=\"es_ES\" \/>\n<meta property=\"og:type\" content=\"article\" \/>\n<meta property=\"og:title\" content=\"DEL PACTO HISTORICO COMO FRENTE AMPLIO A PARTIDO POLITICO - puntodevista\" \/>\n<meta property=\"og:description\" content=\"Carlos Ordonez, Miami, 5\/01\/2024 La propuesta de cambiar el car\u00e1cter del Pacto Hist\u00f3rico, pasando de ser una coalici\u00f3n electoral en los t\u00e9rminos conocidos de Frente Amplio \u2013 la que dio &nbsp;resultados positivos en la elecci\u00f3n de Gustavo Petro a la Presidencia de la Republica de Colombia en el 2022-&nbsp; a la conformaci\u00f3n de un solo [&hellip;]\" \/>\n<meta property=\"og:url\" content=\"https:\/\/puntodevista.org\/es\/del-pacto-historico-como-frente-amplio-a-partido-politico\/\" \/>\n<meta property=\"og:site_name\" content=\"puntodevista\" \/>\n<meta property=\"article:author\" content=\"https:\/\/www.facebook.com\/carlos.ordonez.73997\" \/>\n<meta property=\"article:published_time\" content=\"2024-05-02T15:33:32+00:00\" \/>\n<meta property=\"og:image\" content=\"https:\/\/puntodevista.org\/wp-content\/uploads\/2024\/05\/fotomarcha.png\" \/>\n\t<meta property=\"og:image:width\" content=\"639\" \/>\n\t<meta property=\"og:image:height\" content=\"373\" \/>\n\t<meta property=\"og:image:type\" content=\"image\/png\" \/>\n<meta name=\"author\" content=\"Carlos Ord\u00f3\u00f1ez\" \/>\n<meta name=\"twitter:card\" content=\"summary_large_image\" \/>\n<meta name=\"twitter:label1\" content=\"Escrito por\" \/>\n\t<meta name=\"twitter:data1\" content=\"Carlos Ord\u00f3\u00f1ez\" \/>\n\t<meta name=\"twitter:label2\" content=\"Tiempo estimado de lectura\" \/>\n\t<meta name=\"twitter:data2\" content=\"6 minutos\" \/>\n<script type=\"application\/ld+json\" class=\"yoast-schema-graph\">{\"@context\":\"https:\/\/schema.org\",\"@graph\":[{\"@type\":\"WebPage\",\"@id\":\"https:\/\/puntodevista.org\/del-pacto-historico-como-frente-amplio-a-partido-politico\/\",\"url\":\"https:\/\/puntodevista.org\/del-pacto-historico-como-frente-amplio-a-partido-politico\/\",\"name\":\"DEL PACTO HISTORICO COMO FRENTE AMPLIO A PARTIDO POLITICO - puntodevista\",\"isPartOf\":{\"@id\":\"https:\/\/puntodevista.org\/#website\"},\"datePublished\":\"2024-05-02T15:33:32+00:00\",\"dateModified\":\"2024-05-02T15:33:32+00:00\",\"author\":{\"@id\":\"https:\/\/puntodevista.org\/#\/schema\/person\/ac5232212d1f604fbbc1a0242ff207de\"},\"breadcrumb\":{\"@id\":\"https:\/\/puntodevista.org\/del-pacto-historico-como-frente-amplio-a-partido-politico\/#breadcrumb\"},\"inLanguage\":\"es-CO\",\"potentialAction\":[{\"@type\":\"ReadAction\",\"target\":[\"https:\/\/puntodevista.org\/del-pacto-historico-como-frente-amplio-a-partido-politico\/\"]}]},{\"@type\":\"BreadcrumbList\",\"@id\":\"https:\/\/puntodevista.org\/del-pacto-historico-como-frente-amplio-a-partido-politico\/#breadcrumb\",\"itemListElement\":[{\"@type\":\"ListItem\",\"position\":1,\"name\":\"Home\",\"item\":\"https:\/\/puntodevista.org\/\"},{\"@type\":\"ListItem\",\"position\":2,\"name\":\"DEL PACTO HISTORICO COMO FRENTE AMPLIO A PARTIDO POLITICO\"}]},{\"@type\":\"WebSite\",\"@id\":\"https:\/\/puntodevista.org\/#website\",\"url\":\"https:\/\/puntodevista.org\/\",\"name\":\"puntodevista\",\"description\":\"Cual es tu punto de vista?\",\"potentialAction\":[{\"@type\":\"SearchAction\",\"target\":{\"@type\":\"EntryPoint\",\"urlTemplate\":\"https:\/\/puntodevista.org\/?s={search_term_string}\"},\"query-input\":\"required name=search_term_string\"}],\"inLanguage\":\"es-CO\"},{\"@type\":\"Person\",\"@id\":\"https:\/\/puntodevista.org\/#\/schema\/person\/ac5232212d1f604fbbc1a0242ff207de\",\"name\":\"Carlos Ord\u00f3\u00f1ez\",\"image\":{\"@type\":\"ImageObject\",\"inLanguage\":\"es-CO\",\"@id\":\"https:\/\/puntodevista.org\/#\/schema\/person\/image\/\",\"url\":\"https:\/\/secure.gravatar.com\/avatar\/d4fe50eab181c7b678485acef55d0c70772ed739b28cce17a9b2ab56d5d023cb?s=96&d=blank&r=g\",\"contentUrl\":\"https:\/\/secure.gravatar.com\/avatar\/d4fe50eab181c7b678485acef55d0c70772ed739b28cce17a9b2ab56d5d023cb?s=96&d=blank&r=g\",\"caption\":\"Carlos Ord\u00f3\u00f1ez\"},\"sameAs\":[\"https:\/\/www.facebook.com\/carlos.ordonez.73997\"],\"url\":\"https:\/\/puntodevista.org\/es\/author\/carlos-ordonez\/\"}]}<\/script>\n<!-- \/ Yoast SEO plugin. -->","yoast_head_json":{"title":"DEL PACTO HISTORICO COMO FRENTE AMPLIO A PARTIDO POLITICO - puntodevista","robots":{"index":"index","follow":"follow","max-snippet":"max-snippet:-1","max-image-preview":"max-image-preview:large","max-video-preview":"max-video-preview:-1"},"canonical":"https:\/\/puntodevista.org\/es\/del-pacto-historico-como-frente-amplio-a-partido-politico\/","og_locale":"es_ES","og_type":"article","og_title":"DEL PACTO HISTORICO COMO FRENTE AMPLIO A PARTIDO POLITICO - puntodevista","og_description":"Carlos Ordonez, Miami, 5\/01\/2024 La propuesta de cambiar el car\u00e1cter del Pacto Hist\u00f3rico, pasando de ser una coalici\u00f3n electoral en los t\u00e9rminos conocidos de Frente Amplio \u2013 la que dio &nbsp;resultados positivos en la elecci\u00f3n de Gustavo Petro a la Presidencia de la Republica de Colombia en el 2022-&nbsp; a la conformaci\u00f3n de un solo [&hellip;]","og_url":"https:\/\/puntodevista.org\/es\/del-pacto-historico-como-frente-amplio-a-partido-politico\/","og_site_name":"puntodevista","article_author":"https:\/\/www.facebook.com\/carlos.ordonez.73997","article_published_time":"2024-05-02T15:33:32+00:00","og_image":[{"width":639,"height":373,"url":"https:\/\/puntodevista.org\/wp-content\/uploads\/2024\/05\/fotomarcha.png","type":"image\/png"}],"author":"Carlos Ord\u00f3\u00f1ez","twitter_card":"summary_large_image","twitter_misc":{"Escrito por":"Carlos Ord\u00f3\u00f1ez","Tiempo estimado de lectura":"6 minutos"},"schema":{"@context":"https:\/\/schema.org","@graph":[{"@type":"WebPage","@id":"https:\/\/puntodevista.org\/del-pacto-historico-como-frente-amplio-a-partido-politico\/","url":"https:\/\/puntodevista.org\/del-pacto-historico-como-frente-amplio-a-partido-politico\/","name":"DEL PACTO HISTORICO COMO FRENTE AMPLIO A PARTIDO POLITICO - puntodevista","isPartOf":{"@id":"https:\/\/puntodevista.org\/#website"},"datePublished":"2024-05-02T15:33:32+00:00","dateModified":"2024-05-02T15:33:32+00:00","author":{"@id":"https:\/\/puntodevista.org\/#\/schema\/person\/ac5232212d1f604fbbc1a0242ff207de"},"breadcrumb":{"@id":"https:\/\/puntodevista.org\/del-pacto-historico-como-frente-amplio-a-partido-politico\/#breadcrumb"},"inLanguage":"es-CO","potentialAction":[{"@type":"ReadAction","target":["https:\/\/puntodevista.org\/del-pacto-historico-como-frente-amplio-a-partido-politico\/"]}]},{"@type":"BreadcrumbList","@id":"https:\/\/puntodevista.org\/del-pacto-historico-como-frente-amplio-a-partido-politico\/#breadcrumb","itemListElement":[{"@type":"ListItem","position":1,"name":"Home","item":"https:\/\/puntodevista.org\/"},{"@type":"ListItem","position":2,"name":"DEL PACTO HISTORICO COMO FRENTE AMPLIO A PARTIDO POLITICO"}]},{"@type":"WebSite","@id":"https:\/\/puntodevista.org\/#website","url":"https:\/\/puntodevista.org\/","name":"puntodevista","description":"Cual es tu punto de vista?","potentialAction":[{"@type":"SearchAction","target":{"@type":"EntryPoint","urlTemplate":"https:\/\/puntodevista.org\/?s={search_term_string}"},"query-input":"required name=search_term_string"}],"inLanguage":"es-CO"},{"@type":"Person","@id":"https:\/\/puntodevista.org\/#\/schema\/person\/ac5232212d1f604fbbc1a0242ff207de","name":"Carlos Ord\u00f3\u00f1ez","image":{"@type":"ImageObject","inLanguage":"es-CO","@id":"https:\/\/puntodevista.org\/#\/schema\/person\/image\/","url":"https:\/\/secure.gravatar.com\/avatar\/d4fe50eab181c7b678485acef55d0c70772ed739b28cce17a9b2ab56d5d023cb?s=96&d=blank&r=g","contentUrl":"https:\/\/secure.gravatar.com\/avatar\/d4fe50eab181c7b678485acef55d0c70772ed739b28cce17a9b2ab56d5d023cb?s=96&d=blank&r=g","caption":"Carlos Ord\u00f3\u00f1ez"},"sameAs":["https:\/\/www.facebook.com\/carlos.ordonez.73997"],"url":"https:\/\/puntodevista.org\/es\/author\/carlos-ordonez\/"}]}},"_links":{"self":[{"href":"https:\/\/puntodevista.org\/es\/wp-json\/wp\/v2\/posts\/629","targetHints":{"allow":["GET"]}}],"collection":[{"href":"https:\/\/puntodevista.org\/es\/wp-json\/wp\/v2\/posts"}],"about":[{"href":"https:\/\/puntodevista.org\/es\/wp-json\/wp\/v2\/types\/post"}],"author":[{"embeddable":true,"href":"https:\/\/puntodevista.org\/es\/wp-json\/wp\/v2\/users\/2"}],"replies":[{"embeddable":true,"href":"https:\/\/puntodevista.org\/es\/wp-json\/wp\/v2\/comments?post=629"}],"version-history":[{"count":1,"href":"https:\/\/puntodevista.org\/es\/wp-json\/wp\/v2\/posts\/629\/revisions"}],"predecessor-version":[{"id":630,"href":"https:\/\/puntodevista.org\/es\/wp-json\/wp\/v2\/posts\/629\/revisions\/630"}],"wp:featuredmedia":[{"embeddable":true,"href":"https:\/\/puntodevista.org\/es\/wp-json\/wp\/v2\/media\/632"}],"wp:attachment":[{"href":"https:\/\/puntodevista.org\/es\/wp-json\/wp\/v2\/media?parent=629"}],"wp:term":[{"taxonomy":"category","embeddable":true,"href":"https:\/\/puntodevista.org\/es\/wp-json\/wp\/v2\/categories?post=629"},{"taxonomy":"post_tag","embeddable":true,"href":"https:\/\/puntodevista.org\/es\/wp-json\/wp\/v2\/tags?post=629"}],"curies":[{"name":"wp","href":"https:\/\/api.w.org\/{rel}","templated":true}]}}