{"id":644,"date":"2026-01-28T18:10:07","date_gmt":"2026-01-28T23:10:07","guid":{"rendered":"https:\/\/puntodevista.org\/?p=644"},"modified":"2026-01-28T18:19:45","modified_gmt":"2026-01-28T23:19:45","slug":"el-secuestro-de-nicolas-maduro-en-operacion-militar-estadounidense","status":"publish","type":"post","link":"https:\/\/puntodevista.org\/es\/el-secuestro-de-nicolas-maduro-en-operacion-militar-estadounidense\/","title":{"rendered":"EL SECUESTRO DE NICOLAS MADURO EN OPERACION MILITAR ESTADOUNIDENSE"},"content":{"rendered":"<p>Carlos Ordonez, Miami 1\/28\/2026<\/p>\n\n\n\n<p>Los noticieros dieron a conocer, inmediatamente sucedieron, hechos concernientes a la agresi\u00f3n de la soberan\u00eda territorial venezolana, el ataque a varios objetivos militares y civiles en varias partes del pa\u00eds, la masacre de la guardia presidencial cubana y el secuestro del presidente Nicol\u00e1s Maduro mediante una operaci\u00f3n militar estadounidense en la madrugada del pasado tres de enero, sin resistencia alguna por parte de las fuerzas militares venezolanas a pesar de haber sido advertidas de esta posible incursi\u00f3n.<\/p>\n\n\n\n<p>Pero, como la mera descripci\u00f3n de los hechos no evidencia por si sola los motivos que condujeron a estas acciones y omisiones ni las consecuencias a venir, provoc\u00f3 un caudal de preguntas nada f\u00e1cil de responder en tanto a buena parte de los observadores \u00e1vidos de la verdad nos asalt\u00f3 pronto la sospecha de que las partes involucradas no hablaban claro, m\u00e1s bien tend\u00edan a ocultar sus respectivos motivos; as\u00ed que apelamos a hacer nuestras respectivas indagaciones para avanzar en el an\u00e1lisis de estos sucesos. &nbsp;<\/p>\n\n\n\n<p>Inicialmente, las amenazas verbales de agredir militarmente a Venezuela por parte del presidente Trump acompa\u00f1adas con el poderoso despliegue b\u00e9lico en el Caribe se soportaron p\u00fablicamente con el pretexto de contener el flujo de narc\u00f3ticos desde Venezuela a Estados Unidos bajo dos supuestos: que este flujo quebranta su seguridad nacional en t\u00e9rminos de salud p\u00fablica (llam\u00e1ndonos la atenci\u00f3n que no lo &nbsp;referencia en manera alguna a su persistente demanda), y que Nicol\u00e1s Maduro antes de contener el narcotr\u00e1fico lo auspicia al liderar el \u201cCartel de los Soles\u201d. El presidente Trump ha hecho tambi\u00e9n amenazas de intervenci\u00f3n militar en M\u00e9xico y Colombia con el pretexto de que sus gobiernos no act\u00faan decididamente contra los carteles \u201cnarco-terroristas\u201d, calificando sin fundamento alguno al Presidente Petro de \u201cjefe del narcotr\u00e1fico en Am\u00e9rica Latina\u201d.<\/p>\n\n\n\n<p>La sustentaci\u00f3n, una vez surtida la brutal agresi\u00f3n&nbsp; contra Venezuela, exhibiendo como trofeo a Maduro conducido a Estados Unidos por militares americanos, viro completamente; con ella, seg\u00fan palabras del mismo Presidente Trump, se pretende un cambio del r\u00e9gimen que lidera Nicol\u00e1s Maduro por el que \u00e9l mimo asumir\u00eda como Presidente interino o por aquel que le garantice, bajo una sumisi\u00f3n colonial siglo XXI, no acabar con el narcotr\u00e1fico o restaurar la democracia sino hacerse a: las reserva de petr\u00f3leo m\u00e1s grandes del mundo, trescientos mil millones de barriles, a la log\u00edstica para movilizar el petr\u00f3leo crudo extra\u00eddo, tambi\u00e9n a las reservas de oro y de otros elementos contenidos en tierras raras.<\/p>\n\n\n\n<p>Con la administraci\u00f3n directa o indirecta de tales bienes tangibles venezolanos parece que Donald Trump intenta mejorar la confianza del d\u00f3lar -desmejorada por la crisis econ\u00f3mica de los Estados Unidos, su desindustrializaci\u00f3n, el alt\u00edsimo nivel de la deuda externa y las decisiones unilaterales de las condiciones del comercio mundial- en las transacciones comerciales internacionales, ya como reserva monetaria mundial &nbsp;ya en su estatus de petrod\u00f3lar.<\/p>\n\n\n\n<p>Sin embargo, Trump deja entrever en sus acciones discursivas que el principal acicate para esta guerra de &nbsp;agresi\u00f3n contra Venezuela fue el de impedir la expansi\u00f3n de las relaciones de China y Rusia con Am\u00e9rica Latina,&nbsp; revitalizando la Doctrina Monroe (proclamada por el presidente estadounidense James Monroe en 1823, estableciendo la pol\u00edtica de \u201cAm\u00e9rica para los americanos\u201d).<\/p>\n\n\n\n<p>Con todo esto Trump fortalecer\u00eda su resistencia a abandonar un ordenamiento mundial unipolar sometido a su total hegemon\u00eda, sin sujeci\u00f3n a ninguna normatividad sino tan solo a una \u00e9tica liberal de una potencia bien intencionada o &nbsp;en sus mismas palabras a \u201csu propia moralidad\u201d, cuando las circunstancias cambiantes del mundo le abren las puertas a un ordenamiento multipolar, regido por un derecho internacional que demanda la democratizaci\u00f3n de su g\u00e9nesis, su constitucionalizacion por los Estados nacionales o ser convertido en una Constituci\u00f3n mundial cosmopolita que abarque los derechos individuales y los derechos humanos, en un orden jur\u00eddico en que las voces de todos los afectados individualmente o estatalmente sean atendidas por igual, y en base al cual se reestructuren democr\u00e1ticamente las organizaciones internacionales para que sean funcionalmente eficientes, esto es, que sus decisiones sean al tiempo respetables y vinculantes.<\/p>\n\n\n\n<p>Las pr\u00e1cticas de potencia hegem\u00f3nica vienen siendo utilizadas por los Estados Unidos desde la ca\u00edda de la Uni\u00f3n Sovi\u00e9tica (1991), cuando se agota la guerra fr\u00eda y se genera el cambio de un orden mundial bipolar por el unipolar, levantando la bandera de guerra contra el terrorismo, institucionaliz\u00e1ndola en la conocida Doctrina Bush, &nbsp;surgida como respuesta al acto terrorista contra las \u201cTorres Gemelas\u201d (2001) y puesta en pr\u00e1ctica &nbsp;con la expansi\u00f3n de la OTAN al Este y en la invasi\u00f3n &nbsp;militar en Irak (2003) para adicionar estos dos hechos a la guerra de agresi\u00f3n contra Venezuela como ejemplos de muchos m\u00e1s; lo que s\u00ed es&nbsp; que Trump las est\u00e1 llevando a su m\u00e1xima realizaci\u00f3n y sin ninguna consideraci\u00f3n a la ilegalidad, tratando de mantener la hegemon\u00eda de los Estados Unidos aun a costa de irla desmoronando aceleradamente.<\/p>\n\n\n\n<p>La ingente cantidad de d\u00f3lares gastada en el despliegue de fuerza b\u00e9lica en el Caribe y la violenta incursi\u00f3n en territorio venezolano para secuestrar al Presidente venezolano en ejercicio, dejando destrozos materiales y casi un centenar de muertos resulto todo un fiasco.<\/p>\n\n\n\n<p>A m\u00e1s de ser una violenta agresi\u00f3n contra Venezuela sin el m\u00e1s m\u00ednimo soporte legal nacional o internacional, los cargos formulados a&nbsp; Nicol\u00e1s Maduro se van desvaneciendo al tiempo que lo hace la infundada narrativa pol\u00edtica de un \u201cCartel de los Soles\u201d inexistente, y si el juez senior del Tribunal Federal del Distrito Sur de Nueva York, Alvin Kenneth Hellerstein, al examinar el caso verifica el quebrantamiento de los procedimientos legales para una captura seg\u00fan el ordenamiento jur\u00eddico estadounidense, pondr\u00e1 a Maduro en Libertad.<\/p>\n\n\n\n<p>&nbsp;Hasta hoy no se ha dado un cambio de r\u00e9gimen en Venezuela; Trump no funge como Presidente interino y Delcy Rodr\u00edguez quien asumi\u00f3 la Presidencia como encargada por ausencia del titular&nbsp; Presidente Maduro, acogi\u00e9ndose al ordenamiento constitucional de Venezuela, insiste en que no gobierna en nombre y para el Presidente Trump sino en nombre y para el pueblo venezolano. El Presidente Trump reconoci\u00f3 el gobierno bolivariano en cabeza de la presidente Rodr\u00edguez, &nbsp;convencido que con su bendici\u00f3n lo someter\u00eda a fungir como dependiente colonial pero no le ha funcionado.<\/p>\n\n\n\n<p>La presidente Rodr\u00edguez ha manifestado que vender\u00e1 petr\u00f3leo a Estados Unidos en d\u00f3lares y al precio comercial en el \u00e1mbito internacional pero que mantendr\u00e1 los acuerdos suscritos con la Federaci\u00f3n Rusa e igualmente los suscritos con la Rep\u00fablica Popular China. Tales acuerdos, todos a largo plazo, versan sobre&nbsp; inversiones, administraci\u00f3n de activos y &nbsp;la comercializaci\u00f3n de petr\u00f3leo con China, Rusia, India y otros pa\u00edses del BRICS sin la intermediaci\u00f3n del petrod\u00f3lar sino de &nbsp;sus respectivas monedas: yuanes, rublos, rupias, etc. Ahora Estados Unidos tendr\u00e1 frente a su territorio un emporio econ\u00f3mico y militar sim\u00e9trico, as\u00ed sea en su sentido mas no en su intensidad, al que Estados Unidos monto con la OTAN en las fronteras de la Federaci\u00f3n Rusa y trata de hacerlo en China utilizando a Jap\u00f3n entre otros pa\u00edses. Esto contrasta con la idea de revitalizar la Doctrina Monroe.<\/p>\n\n\n\n<p>Si bien he avanzado en las posibles motivaciones de la parte actora de la agresi\u00f3n militar a Venezuela, no sucede lo mismo con las motivaciones de la permisibilidad venezolana a este secuestro, las que todav\u00eda permanecen oscuras a pesar de las m\u00faltiples conjeturas formuladas sobre acuerdos y\/o traiciones.<\/p>\n\n\n\n<p>En fin, mientras el Gobierno Venezolano manifiesta que act\u00faa con independencia de Estados Unidos, el Gobierno Americano sostiene lo contrario. A falta de claridad el devenir en Venezuela sigue incierto, \u00bfel gobierno Bolivariano claudicar\u00e1 o resistir\u00e1? Hay que seguir atentos secuencialmente a lo sucedido, tanto a los nuevos discursos como a los an\u00e1lisis de los nuevos hechos.<\/p>\n\n\n\n<p><\/p>","protected":false},"excerpt":{"rendered":"<p>Carlos Ordonez, Miami 1\/28\/2026 Los noticieros dieron a conocer, inmediatamente sucedieron, hechos concernientes a la agresi\u00f3n de la soberan\u00eda territorial venezolana, el ataque a varios objetivos militares y civiles en varias partes del pa\u00eds, la masacre de la guardia presidencial cubana y el secuestro del presidente Nicol\u00e1s Maduro mediante una operaci\u00f3n militar estadounidense en la [&hellip;]<\/p>","protected":false},"author":2,"featured_media":0,"comment_status":"open","ping_status":"open","sticky":false,"template":"","format":"standard","meta":{"tdm_status":"","tdm_grid_status":"","footnotes":""},"categories":[7],"tags":[],"class_list":{"0":"post-644","1":"post","2":"type-post","3":"status-publish","4":"format-standard","6":"category-news"},"yoast_head":"<!-- This site is optimized with the Yoast SEO plugin v20.9 - https:\/\/yoast.com\/wordpress\/plugins\/seo\/ -->\n<title>EL SECUESTRO DE NICOLAS MADURO EN OPERACION MILITAR ESTADOUNIDENSE - puntodevista<\/title>\n<meta name=\"robots\" content=\"index, follow, max-snippet:-1, max-image-preview:large, max-video-preview:-1\" \/>\n<link rel=\"canonical\" href=\"https:\/\/puntodevista.org\/es\/el-secuestro-de-nicolas-maduro-en-operacion-militar-estadounidense\/\" \/>\n<meta property=\"og:locale\" content=\"es_ES\" \/>\n<meta property=\"og:type\" content=\"article\" \/>\n<meta property=\"og:title\" content=\"EL SECUESTRO DE NICOLAS MADURO EN OPERACION MILITAR ESTADOUNIDENSE - puntodevista\" \/>\n<meta property=\"og:description\" content=\"Carlos Ordonez, Miami 1\/28\/2026 Los noticieros dieron a conocer, inmediatamente sucedieron, hechos concernientes a la agresi\u00f3n de la soberan\u00eda territorial venezolana, el ataque a varios objetivos militares y civiles en varias partes del pa\u00eds, la masacre de la guardia presidencial cubana y el secuestro del presidente Nicol\u00e1s Maduro mediante una operaci\u00f3n militar estadounidense en la [&hellip;]\" \/>\n<meta property=\"og:url\" content=\"https:\/\/puntodevista.org\/es\/el-secuestro-de-nicolas-maduro-en-operacion-militar-estadounidense\/\" \/>\n<meta property=\"og:site_name\" content=\"puntodevista\" \/>\n<meta property=\"article:author\" content=\"https:\/\/www.facebook.com\/carlos.ordonez.73997\" \/>\n<meta property=\"article:published_time\" content=\"2026-01-28T23:10:07+00:00\" \/>\n<meta property=\"article:modified_time\" content=\"2026-01-28T23:19:45+00:00\" \/>\n<meta name=\"author\" content=\"Carlos Ord\u00f3\u00f1ez\" \/>\n<meta name=\"twitter:card\" content=\"summary_large_image\" \/>\n<meta name=\"twitter:label1\" content=\"Escrito por\" \/>\n\t<meta name=\"twitter:data1\" content=\"Carlos Ord\u00f3\u00f1ez\" \/>\n\t<meta name=\"twitter:label2\" content=\"Tiempo estimado de lectura\" \/>\n\t<meta name=\"twitter:data2\" content=\"6 minutos\" \/>\n<script type=\"application\/ld+json\" class=\"yoast-schema-graph\">{\"@context\":\"https:\/\/schema.org\",\"@graph\":[{\"@type\":\"WebPage\",\"@id\":\"https:\/\/puntodevista.org\/el-secuestro-de-nicolas-maduro-en-operacion-militar-estadounidense\/\",\"url\":\"https:\/\/puntodevista.org\/el-secuestro-de-nicolas-maduro-en-operacion-militar-estadounidense\/\",\"name\":\"EL SECUESTRO DE NICOLAS MADURO EN OPERACION MILITAR ESTADOUNIDENSE - puntodevista\",\"isPartOf\":{\"@id\":\"https:\/\/puntodevista.org\/#website\"},\"datePublished\":\"2026-01-28T23:10:07+00:00\",\"dateModified\":\"2026-01-28T23:19:45+00:00\",\"author\":{\"@id\":\"https:\/\/puntodevista.org\/#\/schema\/person\/ac5232212d1f604fbbc1a0242ff207de\"},\"breadcrumb\":{\"@id\":\"https:\/\/puntodevista.org\/el-secuestro-de-nicolas-maduro-en-operacion-militar-estadounidense\/#breadcrumb\"},\"inLanguage\":\"es-CO\",\"potentialAction\":[{\"@type\":\"ReadAction\",\"target\":[\"https:\/\/puntodevista.org\/el-secuestro-de-nicolas-maduro-en-operacion-militar-estadounidense\/\"]}]},{\"@type\":\"BreadcrumbList\",\"@id\":\"https:\/\/puntodevista.org\/el-secuestro-de-nicolas-maduro-en-operacion-militar-estadounidense\/#breadcrumb\",\"itemListElement\":[{\"@type\":\"ListItem\",\"position\":1,\"name\":\"Home\",\"item\":\"https:\/\/puntodevista.org\/\"},{\"@type\":\"ListItem\",\"position\":2,\"name\":\"EL SECUESTRO DE NICOLAS MADURO EN OPERACION MILITAR ESTADOUNIDENSE\"}]},{\"@type\":\"WebSite\",\"@id\":\"https:\/\/puntodevista.org\/#website\",\"url\":\"https:\/\/puntodevista.org\/\",\"name\":\"puntodevista\",\"description\":\"Cual es tu punto de vista?\",\"potentialAction\":[{\"@type\":\"SearchAction\",\"target\":{\"@type\":\"EntryPoint\",\"urlTemplate\":\"https:\/\/puntodevista.org\/?s={search_term_string}\"},\"query-input\":\"required name=search_term_string\"}],\"inLanguage\":\"es-CO\"},{\"@type\":\"Person\",\"@id\":\"https:\/\/puntodevista.org\/#\/schema\/person\/ac5232212d1f604fbbc1a0242ff207de\",\"name\":\"Carlos Ord\u00f3\u00f1ez\",\"image\":{\"@type\":\"ImageObject\",\"inLanguage\":\"es-CO\",\"@id\":\"https:\/\/puntodevista.org\/#\/schema\/person\/image\/\",\"url\":\"https:\/\/secure.gravatar.com\/avatar\/d4fe50eab181c7b678485acef55d0c70772ed739b28cce17a9b2ab56d5d023cb?s=96&d=blank&r=g\",\"contentUrl\":\"https:\/\/secure.gravatar.com\/avatar\/d4fe50eab181c7b678485acef55d0c70772ed739b28cce17a9b2ab56d5d023cb?s=96&d=blank&r=g\",\"caption\":\"Carlos Ord\u00f3\u00f1ez\"},\"sameAs\":[\"https:\/\/www.facebook.com\/carlos.ordonez.73997\"],\"url\":\"https:\/\/puntodevista.org\/es\/author\/carlos-ordonez\/\"}]}<\/script>\n<!-- \/ Yoast SEO plugin. -->","yoast_head_json":{"title":"EL SECUESTRO DE NICOLAS MADURO EN OPERACION MILITAR ESTADOUNIDENSE - puntodevista","robots":{"index":"index","follow":"follow","max-snippet":"max-snippet:-1","max-image-preview":"max-image-preview:large","max-video-preview":"max-video-preview:-1"},"canonical":"https:\/\/puntodevista.org\/es\/el-secuestro-de-nicolas-maduro-en-operacion-militar-estadounidense\/","og_locale":"es_ES","og_type":"article","og_title":"EL SECUESTRO DE NICOLAS MADURO EN OPERACION MILITAR ESTADOUNIDENSE - puntodevista","og_description":"Carlos Ordonez, Miami 1\/28\/2026 Los noticieros dieron a conocer, inmediatamente sucedieron, hechos concernientes a la agresi\u00f3n de la soberan\u00eda territorial venezolana, el ataque a varios objetivos militares y civiles en varias partes del pa\u00eds, la masacre de la guardia presidencial cubana y el secuestro del presidente Nicol\u00e1s Maduro mediante una operaci\u00f3n militar estadounidense en la [&hellip;]","og_url":"https:\/\/puntodevista.org\/es\/el-secuestro-de-nicolas-maduro-en-operacion-militar-estadounidense\/","og_site_name":"puntodevista","article_author":"https:\/\/www.facebook.com\/carlos.ordonez.73997","article_published_time":"2026-01-28T23:10:07+00:00","article_modified_time":"2026-01-28T23:19:45+00:00","author":"Carlos Ord\u00f3\u00f1ez","twitter_card":"summary_large_image","twitter_misc":{"Escrito por":"Carlos Ord\u00f3\u00f1ez","Tiempo estimado de lectura":"6 minutos"},"schema":{"@context":"https:\/\/schema.org","@graph":[{"@type":"WebPage","@id":"https:\/\/puntodevista.org\/el-secuestro-de-nicolas-maduro-en-operacion-militar-estadounidense\/","url":"https:\/\/puntodevista.org\/el-secuestro-de-nicolas-maduro-en-operacion-militar-estadounidense\/","name":"EL SECUESTRO DE NICOLAS MADURO EN OPERACION MILITAR ESTADOUNIDENSE - puntodevista","isPartOf":{"@id":"https:\/\/puntodevista.org\/#website"},"datePublished":"2026-01-28T23:10:07+00:00","dateModified":"2026-01-28T23:19:45+00:00","author":{"@id":"https:\/\/puntodevista.org\/#\/schema\/person\/ac5232212d1f604fbbc1a0242ff207de"},"breadcrumb":{"@id":"https:\/\/puntodevista.org\/el-secuestro-de-nicolas-maduro-en-operacion-militar-estadounidense\/#breadcrumb"},"inLanguage":"es-CO","potentialAction":[{"@type":"ReadAction","target":["https:\/\/puntodevista.org\/el-secuestro-de-nicolas-maduro-en-operacion-militar-estadounidense\/"]}]},{"@type":"BreadcrumbList","@id":"https:\/\/puntodevista.org\/el-secuestro-de-nicolas-maduro-en-operacion-militar-estadounidense\/#breadcrumb","itemListElement":[{"@type":"ListItem","position":1,"name":"Home","item":"https:\/\/puntodevista.org\/"},{"@type":"ListItem","position":2,"name":"EL SECUESTRO DE NICOLAS MADURO EN OPERACION MILITAR ESTADOUNIDENSE"}]},{"@type":"WebSite","@id":"https:\/\/puntodevista.org\/#website","url":"https:\/\/puntodevista.org\/","name":"puntodevista","description":"Cual es tu punto de vista?","potentialAction":[{"@type":"SearchAction","target":{"@type":"EntryPoint","urlTemplate":"https:\/\/puntodevista.org\/?s={search_term_string}"},"query-input":"required name=search_term_string"}],"inLanguage":"es-CO"},{"@type":"Person","@id":"https:\/\/puntodevista.org\/#\/schema\/person\/ac5232212d1f604fbbc1a0242ff207de","name":"Carlos Ord\u00f3\u00f1ez","image":{"@type":"ImageObject","inLanguage":"es-CO","@id":"https:\/\/puntodevista.org\/#\/schema\/person\/image\/","url":"https:\/\/secure.gravatar.com\/avatar\/d4fe50eab181c7b678485acef55d0c70772ed739b28cce17a9b2ab56d5d023cb?s=96&d=blank&r=g","contentUrl":"https:\/\/secure.gravatar.com\/avatar\/d4fe50eab181c7b678485acef55d0c70772ed739b28cce17a9b2ab56d5d023cb?s=96&d=blank&r=g","caption":"Carlos Ord\u00f3\u00f1ez"},"sameAs":["https:\/\/www.facebook.com\/carlos.ordonez.73997"],"url":"https:\/\/puntodevista.org\/es\/author\/carlos-ordonez\/"}]}},"_links":{"self":[{"href":"https:\/\/puntodevista.org\/es\/wp-json\/wp\/v2\/posts\/644","targetHints":{"allow":["GET"]}}],"collection":[{"href":"https:\/\/puntodevista.org\/es\/wp-json\/wp\/v2\/posts"}],"about":[{"href":"https:\/\/puntodevista.org\/es\/wp-json\/wp\/v2\/types\/post"}],"author":[{"embeddable":true,"href":"https:\/\/puntodevista.org\/es\/wp-json\/wp\/v2\/users\/2"}],"replies":[{"embeddable":true,"href":"https:\/\/puntodevista.org\/es\/wp-json\/wp\/v2\/comments?post=644"}],"version-history":[{"count":2,"href":"https:\/\/puntodevista.org\/es\/wp-json\/wp\/v2\/posts\/644\/revisions"}],"predecessor-version":[{"id":647,"href":"https:\/\/puntodevista.org\/es\/wp-json\/wp\/v2\/posts\/644\/revisions\/647"}],"wp:attachment":[{"href":"https:\/\/puntodevista.org\/es\/wp-json\/wp\/v2\/media?parent=644"}],"wp:term":[{"taxonomy":"category","embeddable":true,"href":"https:\/\/puntodevista.org\/es\/wp-json\/wp\/v2\/categories?post=644"},{"taxonomy":"post_tag","embeddable":true,"href":"https:\/\/puntodevista.org\/es\/wp-json\/wp\/v2\/tags?post=644"}],"curies":[{"name":"wp","href":"https:\/\/api.w.org\/{rel}","templated":true}]}}