{"id":651,"date":"2026-03-12T14:43:03","date_gmt":"2026-03-12T19:43:03","guid":{"rendered":"https:\/\/puntodevista.org\/?p=651"},"modified":"2026-03-12T14:43:03","modified_gmt":"2026-03-12T19:43:03","slug":"el-pulso-politico-medido-en-ejercicio-democratico","status":"publish","type":"post","link":"https:\/\/puntodevista.org\/es\/el-pulso-politico-medido-en-ejercicio-democratico\/","title":{"rendered":"EL PULSO POLITICO MEDIDO EN EJERCICIO DEMOCRATICO"},"content":{"rendered":"<p>Carlos Ordonez, 03\/12\/2026<\/p>\n\n\n\n<p>Los malintencionados vaticinios de la derecha colombiana al proclamar la demolici\u00f3n de la democracia por el gobierno de Gustavo Petro fueron f\u00e1cticamente desmentidos, nuestra democracia se ve ahora mejorada: no se reprimi\u00f3 a la oposici\u00f3n en manera alguna, se le brindo todas las garant\u00edas para su libre expresi\u00f3n; se estimul\u00f3 la participaci\u00f3n ciudadana en el debate y la defensa de intereses generales; se garantiz\u00f3 plenamente &nbsp;a toda la ciudadan\u00eda la libre concurrencia a las urnas para la nueva composici\u00f3n del poder legislativo y lo mismo suceder\u00e1 en las elecci\u00f3n presidencial del 31 de mayo.<\/p>\n\n\n\n<p>Los saboteos a la democracia se dieron no por el Gobierno sino por la oposici\u00f3n a \u00e9l: no discuti\u00f3, obstruy\u00f3 la aprobaci\u00f3n de las reformas progresistas; utiliz\u00f3 el Consejo Nacional Electoral para entorpecer la constituci\u00f3n del partido-movimiento Pacto Hist\u00f3rico e impidi\u00f3 al candidato Iv\u00e1n Cepeda la participaci\u00f3n en la consulta multipartidaria del 8 de marzo; prepar\u00f3 y ejecut\u00f3 fraude en la Registradur\u00eda nacional, substrayendo fraudulentamente votos al Pacto Hist\u00f3rico, al que le toco convocar todo \u201cun ej\u00e9rcito de abogados\u201d en aras de recuperar votos y por ende curules; y, adem\u00e1s, la &nbsp;oposici\u00f3n se dedic\u00f3 a la compra de votos, por lo que se le incaut\u00f3 millones de pesos en m\u00faltiples espacios y se detuvieron a algunos de los &nbsp;gestores de este il\u00edcito. &nbsp;&nbsp;<\/p>\n\n\n\n<p>Aun as\u00ed, las elecciones del 8 de marzo ratificaron, con un peque\u00f1o pero significativo incremento, al Pacto Hist\u00f3rico como la fuerza pol\u00edtica mayoritaria entre las fuerzas que componen el poder legislativo, mas no la mayor\u00eda en el Senado y en la Camara que la conviertan en una mayor\u00eda mec\u00e1nica para la toma de decisiones. Estos resultados electorales constituyen un indudable \u00e9xito del progresismo y del primer gobierno progresista en el pa\u00eds. As\u00ed las cosas, los congresistas progresistas han de fortalecer su trabajo: ya en el interior del Congreso por lograr la aprobaci\u00f3n de las reformas con una mayor\u00eda consensuada, ya por fuera de \u00e9l, en busca del acompa\u00f1amiento consciente de la ciudadan\u00eda. Estos procesos reformistas son posibles, pero en nada f\u00e1ciles, bien vale encararlos tanto por los congresistas progresistas como por todos quienes asumimos como nuestras las banderas del cambio, dando lo mejor posible de cada quien, con buena preparaci\u00f3n y optimismo.<\/p>\n\n\n\n<p>En el 8 de marzo se definieron tambi\u00e9n los candidatos de la derecha que van a competir con el candidato del progresismo Iv\u00e1n Cepeda Castro por el poder ejecutivo-administrativo, por la Presidencia de la Republica. El uribismo saco sus restos y logro para su candidata un numero considerable de votos, luego que en campa\u00f1a Alvaro Uribe y Paloma valencia fueron repudiados en m\u00faltiples escenarios p\u00fablicos. Paloma con esta votaci\u00f3n enterr\u00f3 las ilusiones de Abelardo de la Espriella y se hace a la candidatura de la derecha en dificultades de conseguir apoyo en el et\u00e9reo centro para sumar a sus bases que no dan para m\u00e1s; al aceptar Juan Daniel Oviedo ser formula vicepresidencial del uribismo desdibuja su imagen centrista, le tocar\u00e1 asumir qui\u00e9ralo o no el ideario pol\u00edtico de la derecha uribista, seria iluso pensar en que se de lo contrario. Las desavenencias previas a esta decisi\u00f3n planteadas con crudeza de una y otra de las partes genera suspicacias sobre los motivos oportunistas de esta uni\u00f3n en f\u00f3rmula presidencial.<\/p>\n\n\n\n<p>&nbsp;La confrontaci\u00f3n por la Presidencia se radicaliza entre Iv\u00e1n y Paloma o entre Iv\u00e1n Cepeda y Alvaro Uribe en cuerpo ajeno.<\/p>\n\n\n\n<p>Iv\u00e1n Cepeda le toma otra gran ventaja al uribismo con la f\u00f3rmula vicepresidencial de lujo, Aida Quilcu\u00e9 Vivas, l\u00edder ind\u00edgena, defensora de los derechos humanos, senadora y en solido acuerdo ideol\u00f3gico en defensa del cambio progresista iniciado por Gustavo Petro y a continuar por Iv\u00e1n Cepeda.<\/p>\n\n\n\n<p>\u00a1Las cartas est\u00e1n echadas! El progresismo tiene las mejores posibilidades de ganar en primera vuelta la contienda electoral del 31 de mayo. Cepeda presidente 2026-2030.<\/p>","protected":false},"excerpt":{"rendered":"<p>Carlos Ordonez, 03\/12\/2026 Los malintencionados vaticinios de la derecha colombiana al proclamar la demolici\u00f3n de la democracia por el gobierno de Gustavo Petro fueron f\u00e1cticamente desmentidos, nuestra democracia se ve ahora mejorada: no se reprimi\u00f3 a la oposici\u00f3n en manera alguna, se le brindo todas las garant\u00edas para su libre expresi\u00f3n; se estimul\u00f3 la participaci\u00f3n [&hellip;]<\/p>","protected":false},"author":2,"featured_media":0,"comment_status":"open","ping_status":"open","sticky":false,"template":"","format":"standard","meta":{"tdm_status":"","tdm_grid_status":"","footnotes":""},"categories":[7],"tags":[],"class_list":{"0":"post-651","1":"post","2":"type-post","3":"status-publish","4":"format-standard","6":"category-news"},"yoast_head":"<!-- This site is optimized with the Yoast SEO plugin v20.9 - https:\/\/yoast.com\/wordpress\/plugins\/seo\/ -->\n<title>EL PULSO POLITICO MEDIDO EN EJERCICIO DEMOCRATICO - puntodevista<\/title>\n<meta name=\"robots\" content=\"index, follow, max-snippet:-1, max-image-preview:large, max-video-preview:-1\" \/>\n<link rel=\"canonical\" href=\"https:\/\/puntodevista.org\/es\/el-pulso-politico-medido-en-ejercicio-democratico\/\" \/>\n<meta property=\"og:locale\" content=\"es_ES\" \/>\n<meta property=\"og:type\" content=\"article\" \/>\n<meta property=\"og:title\" content=\"EL PULSO POLITICO MEDIDO EN EJERCICIO DEMOCRATICO - puntodevista\" \/>\n<meta property=\"og:description\" content=\"Carlos Ordonez, 03\/12\/2026 Los malintencionados vaticinios de la derecha colombiana al proclamar la demolici\u00f3n de la democracia por el gobierno de Gustavo Petro fueron f\u00e1cticamente desmentidos, nuestra democracia se ve ahora mejorada: no se reprimi\u00f3 a la oposici\u00f3n en manera alguna, se le brindo todas las garant\u00edas para su libre expresi\u00f3n; se estimul\u00f3 la participaci\u00f3n [&hellip;]\" \/>\n<meta property=\"og:url\" content=\"https:\/\/puntodevista.org\/es\/el-pulso-politico-medido-en-ejercicio-democratico\/\" \/>\n<meta property=\"og:site_name\" content=\"puntodevista\" \/>\n<meta property=\"article:author\" content=\"https:\/\/www.facebook.com\/carlos.ordonez.73997\" \/>\n<meta property=\"article:published_time\" content=\"2026-03-12T19:43:03+00:00\" \/>\n<meta name=\"author\" content=\"Carlos Ord\u00f3\u00f1ez\" \/>\n<meta name=\"twitter:card\" content=\"summary_large_image\" \/>\n<meta name=\"twitter:label1\" content=\"Escrito por\" \/>\n\t<meta name=\"twitter:data1\" content=\"Carlos Ord\u00f3\u00f1ez\" \/>\n\t<meta name=\"twitter:label2\" content=\"Tiempo estimado de lectura\" \/>\n\t<meta name=\"twitter:data2\" content=\"3 minutos\" \/>\n<script type=\"application\/ld+json\" class=\"yoast-schema-graph\">{\"@context\":\"https:\/\/schema.org\",\"@graph\":[{\"@type\":\"WebPage\",\"@id\":\"https:\/\/puntodevista.org\/el-pulso-politico-medido-en-ejercicio-democratico\/\",\"url\":\"https:\/\/puntodevista.org\/el-pulso-politico-medido-en-ejercicio-democratico\/\",\"name\":\"EL PULSO POLITICO MEDIDO EN EJERCICIO DEMOCRATICO - puntodevista\",\"isPartOf\":{\"@id\":\"https:\/\/puntodevista.org\/#website\"},\"datePublished\":\"2026-03-12T19:43:03+00:00\",\"dateModified\":\"2026-03-12T19:43:03+00:00\",\"author\":{\"@id\":\"https:\/\/puntodevista.org\/#\/schema\/person\/ac5232212d1f604fbbc1a0242ff207de\"},\"breadcrumb\":{\"@id\":\"https:\/\/puntodevista.org\/el-pulso-politico-medido-en-ejercicio-democratico\/#breadcrumb\"},\"inLanguage\":\"es-CO\",\"potentialAction\":[{\"@type\":\"ReadAction\",\"target\":[\"https:\/\/puntodevista.org\/el-pulso-politico-medido-en-ejercicio-democratico\/\"]}]},{\"@type\":\"BreadcrumbList\",\"@id\":\"https:\/\/puntodevista.org\/el-pulso-politico-medido-en-ejercicio-democratico\/#breadcrumb\",\"itemListElement\":[{\"@type\":\"ListItem\",\"position\":1,\"name\":\"Home\",\"item\":\"https:\/\/puntodevista.org\/\"},{\"@type\":\"ListItem\",\"position\":2,\"name\":\"EL PULSO POLITICO MEDIDO EN EJERCICIO DEMOCRATICO\"}]},{\"@type\":\"WebSite\",\"@id\":\"https:\/\/puntodevista.org\/#website\",\"url\":\"https:\/\/puntodevista.org\/\",\"name\":\"puntodevista\",\"description\":\"Cual es tu punto de vista?\",\"potentialAction\":[{\"@type\":\"SearchAction\",\"target\":{\"@type\":\"EntryPoint\",\"urlTemplate\":\"https:\/\/puntodevista.org\/?s={search_term_string}\"},\"query-input\":\"required name=search_term_string\"}],\"inLanguage\":\"es-CO\"},{\"@type\":\"Person\",\"@id\":\"https:\/\/puntodevista.org\/#\/schema\/person\/ac5232212d1f604fbbc1a0242ff207de\",\"name\":\"Carlos Ord\u00f3\u00f1ez\",\"image\":{\"@type\":\"ImageObject\",\"inLanguage\":\"es-CO\",\"@id\":\"https:\/\/puntodevista.org\/#\/schema\/person\/image\/\",\"url\":\"https:\/\/secure.gravatar.com\/avatar\/d4fe50eab181c7b678485acef55d0c70772ed739b28cce17a9b2ab56d5d023cb?s=96&d=blank&r=g\",\"contentUrl\":\"https:\/\/secure.gravatar.com\/avatar\/d4fe50eab181c7b678485acef55d0c70772ed739b28cce17a9b2ab56d5d023cb?s=96&d=blank&r=g\",\"caption\":\"Carlos Ord\u00f3\u00f1ez\"},\"sameAs\":[\"https:\/\/www.facebook.com\/carlos.ordonez.73997\"],\"url\":\"https:\/\/puntodevista.org\/es\/author\/carlos-ordonez\/\"}]}<\/script>\n<!-- \/ Yoast SEO plugin. -->","yoast_head_json":{"title":"EL PULSO POLITICO MEDIDO EN EJERCICIO DEMOCRATICO - puntodevista","robots":{"index":"index","follow":"follow","max-snippet":"max-snippet:-1","max-image-preview":"max-image-preview:large","max-video-preview":"max-video-preview:-1"},"canonical":"https:\/\/puntodevista.org\/es\/el-pulso-politico-medido-en-ejercicio-democratico\/","og_locale":"es_ES","og_type":"article","og_title":"EL PULSO POLITICO MEDIDO EN EJERCICIO DEMOCRATICO - puntodevista","og_description":"Carlos Ordonez, 03\/12\/2026 Los malintencionados vaticinios de la derecha colombiana al proclamar la demolici\u00f3n de la democracia por el gobierno de Gustavo Petro fueron f\u00e1cticamente desmentidos, nuestra democracia se ve ahora mejorada: no se reprimi\u00f3 a la oposici\u00f3n en manera alguna, se le brindo todas las garant\u00edas para su libre expresi\u00f3n; se estimul\u00f3 la participaci\u00f3n [&hellip;]","og_url":"https:\/\/puntodevista.org\/es\/el-pulso-politico-medido-en-ejercicio-democratico\/","og_site_name":"puntodevista","article_author":"https:\/\/www.facebook.com\/carlos.ordonez.73997","article_published_time":"2026-03-12T19:43:03+00:00","author":"Carlos Ord\u00f3\u00f1ez","twitter_card":"summary_large_image","twitter_misc":{"Escrito por":"Carlos Ord\u00f3\u00f1ez","Tiempo estimado de lectura":"3 minutos"},"schema":{"@context":"https:\/\/schema.org","@graph":[{"@type":"WebPage","@id":"https:\/\/puntodevista.org\/el-pulso-politico-medido-en-ejercicio-democratico\/","url":"https:\/\/puntodevista.org\/el-pulso-politico-medido-en-ejercicio-democratico\/","name":"EL PULSO POLITICO MEDIDO EN EJERCICIO DEMOCRATICO - puntodevista","isPartOf":{"@id":"https:\/\/puntodevista.org\/#website"},"datePublished":"2026-03-12T19:43:03+00:00","dateModified":"2026-03-12T19:43:03+00:00","author":{"@id":"https:\/\/puntodevista.org\/#\/schema\/person\/ac5232212d1f604fbbc1a0242ff207de"},"breadcrumb":{"@id":"https:\/\/puntodevista.org\/el-pulso-politico-medido-en-ejercicio-democratico\/#breadcrumb"},"inLanguage":"es-CO","potentialAction":[{"@type":"ReadAction","target":["https:\/\/puntodevista.org\/el-pulso-politico-medido-en-ejercicio-democratico\/"]}]},{"@type":"BreadcrumbList","@id":"https:\/\/puntodevista.org\/el-pulso-politico-medido-en-ejercicio-democratico\/#breadcrumb","itemListElement":[{"@type":"ListItem","position":1,"name":"Home","item":"https:\/\/puntodevista.org\/"},{"@type":"ListItem","position":2,"name":"EL PULSO POLITICO MEDIDO EN EJERCICIO DEMOCRATICO"}]},{"@type":"WebSite","@id":"https:\/\/puntodevista.org\/#website","url":"https:\/\/puntodevista.org\/","name":"puntodevista","description":"Cual es tu punto de vista?","potentialAction":[{"@type":"SearchAction","target":{"@type":"EntryPoint","urlTemplate":"https:\/\/puntodevista.org\/?s={search_term_string}"},"query-input":"required name=search_term_string"}],"inLanguage":"es-CO"},{"@type":"Person","@id":"https:\/\/puntodevista.org\/#\/schema\/person\/ac5232212d1f604fbbc1a0242ff207de","name":"Carlos Ord\u00f3\u00f1ez","image":{"@type":"ImageObject","inLanguage":"es-CO","@id":"https:\/\/puntodevista.org\/#\/schema\/person\/image\/","url":"https:\/\/secure.gravatar.com\/avatar\/d4fe50eab181c7b678485acef55d0c70772ed739b28cce17a9b2ab56d5d023cb?s=96&d=blank&r=g","contentUrl":"https:\/\/secure.gravatar.com\/avatar\/d4fe50eab181c7b678485acef55d0c70772ed739b28cce17a9b2ab56d5d023cb?s=96&d=blank&r=g","caption":"Carlos Ord\u00f3\u00f1ez"},"sameAs":["https:\/\/www.facebook.com\/carlos.ordonez.73997"],"url":"https:\/\/puntodevista.org\/es\/author\/carlos-ordonez\/"}]}},"_links":{"self":[{"href":"https:\/\/puntodevista.org\/es\/wp-json\/wp\/v2\/posts\/651","targetHints":{"allow":["GET"]}}],"collection":[{"href":"https:\/\/puntodevista.org\/es\/wp-json\/wp\/v2\/posts"}],"about":[{"href":"https:\/\/puntodevista.org\/es\/wp-json\/wp\/v2\/types\/post"}],"author":[{"embeddable":true,"href":"https:\/\/puntodevista.org\/es\/wp-json\/wp\/v2\/users\/2"}],"replies":[{"embeddable":true,"href":"https:\/\/puntodevista.org\/es\/wp-json\/wp\/v2\/comments?post=651"}],"version-history":[{"count":1,"href":"https:\/\/puntodevista.org\/es\/wp-json\/wp\/v2\/posts\/651\/revisions"}],"predecessor-version":[{"id":652,"href":"https:\/\/puntodevista.org\/es\/wp-json\/wp\/v2\/posts\/651\/revisions\/652"}],"wp:attachment":[{"href":"https:\/\/puntodevista.org\/es\/wp-json\/wp\/v2\/media?parent=651"}],"wp:term":[{"taxonomy":"category","embeddable":true,"href":"https:\/\/puntodevista.org\/es\/wp-json\/wp\/v2\/categories?post=651"},{"taxonomy":"post_tag","embeddable":true,"href":"https:\/\/puntodevista.org\/es\/wp-json\/wp\/v2\/tags?post=651"}],"curies":[{"name":"wp","href":"https:\/\/api.w.org\/{rel}","templated":true}]}}